{"id":40644,"date":"2024-02-07T15:14:45","date_gmt":"2024-02-07T14:14:45","guid":{"rendered":"https:\/\/www.lleal.com\/?p=40644"},"modified":"2024-02-07T15:14:45","modified_gmt":"2024-02-07T14:14:45","slug":"chez-lleal-nous-progressons-dans-la-lutte-contre-le-changement-climatique","status":"publish","type":"post","link":"https:\/\/www.lleal.com\/fr\/chez-lleal-nous-progressons-dans-la-lutte-contre-le-changement-climatique\/","title":{"rendered":"Chez Lleal, nous progressons dans la lutte contre le changement climatique"},"content":{"rendered":"<h3>Lleal obtient le sceau \u201cReduzco\u201d d\u00e9cern\u00e9 par le MITERD pour son activit\u00e9 en 2021 et 2022.<\/h3>\n<p><strong>Granollers, le 7 f\u00e9vrier 2024.<\/strong> Chez Lleal, nous progressons dans la lutte contre le &#x1f30d; changement climatique. C&rsquo;est pourquoi nous avons calcul\u00e9 et enregistr\u00e9 notre empreinte carbone aupr\u00e8s du <a href=\"https:\/\/www.miteco.gob.es\/es\/cambio-climatico\/temas\/registro-huella.html\">MITERD<\/a>  (minist\u00e8re de la Transition \u00e9cologique et du D\u00e9fi d\u00e9mographique) pour notre activit\u00e9 depuis 2019.<\/p>\n<p>Ce registre, \u00e0 caract\u00e8re volontaire, int\u00e8gre les efforts d\u00e9ploy\u00e9s par les entreprises dans le calcul, la r\u00e9duction et la compensation des \u00e9missions de gaz \u00e0 effet de serre.<\/p>\n<p>&#x1f91d; En collaboration avec <a href=\"https:\/\/aecagroup.com\/\">AECA<\/a>, Lleal a mis en place un plan de r\u00e9duction qui lui a permis d&rsquo;obtenir les labels Reduzco 21 et Reduzco 22, atteignant une empreinte carbone en 2022 de150,42 Tco<sub>2<\/sub> eq (scope 1+2).<\/p>\n<p>Notre plan d\u2019action sur deux ans vise \u00e0 atteindre une r\u00e9duction de l&#8217;empreinte carbone allant jusqu&rsquo;\u00e0 45% d&rsquo;ici \u00e0 2025. Pour y parvenir, entre autres mesures d\u00e9j\u00e0 adopt\u00e9es, le remplacement progressif du parc de v\u00e9hicules par des v\u00e9hicules moins polluants est \u00e9galement envisag\u00e9. Comme le remplacement de l&rsquo;installation de gaz naturel par des \u00e9quipements \u00e9lectriques pouvant \u00eatre aliment\u00e9s en \u00e9nergie d&rsquo;autoconsommation.<\/p>\n<p>Lleal, por una producci\u00f3n sostenible.<\/p>\n","protected":false},"excerpt":{"rendered":"<p>Lleal obtient le sceau \u201cReduzco\u201d d\u00e9cern\u00e9 par le MITERD pour son activit\u00e9 en 2021 et 2022. Granollers, le 7 f\u00e9vrier 2024. Chez Lleal, nous progressons dans la lutte contre le &#x1f30d; changement climatique. C&rsquo;est pourquoi nous avons calcul\u00e9 et enregistr\u00e9 notre empreinte carbone aupr\u00e8s du MITERD (minist\u00e8re de la Transition \u00e9cologique et du D\u00e9fi d\u00e9mographique) [&hellip;]<\/p>\n","protected":false},"author":3,"featured_media":40635,"comment_status":"open","ping_status":"open","sticky":false,"template":"","format":"standard","meta":{"_acf_changed":false,"footnotes":""},"categories":[177],"tags":[],"class_list":["post-40644","post","type-post","status-publish","format-standard","has-post-thumbnail","hentry","category-actualites"],"acf":[],"yoast_head":"<!-- This site is optimized with the Yoast SEO Premium plugin v23.8 (Yoast SEO v27.4) - https:\/\/yoast.com\/product\/yoast-seo-premium-wordpress\/ -->\n<title>Chez Lleal, nous progressons dans la lutte contre le changement climatique - Lleal S.A.U.<\/title>\n<meta name=\"robots\" content=\"noindex, follow\" \/>\n<meta property=\"og:locale\" content=\"fr_FR\" \/>\n<meta property=\"og:type\" content=\"article\" \/>\n<meta property=\"og:title\" content=\"Chez Lleal, nous progressons dans la lutte contre le changement climatique\" \/>\n<meta property=\"og:description\" content=\"Lleal obtient le sceau \u201cReduzco\u201d d\u00e9cern\u00e9 par le MITERD pour son activit\u00e9 en 2021 et 2022. Granollers, le 7 f\u00e9vrier 2024. Chez Lleal, nous progressons dans la lutte contre le &#x1f30d; changement climatique. C&rsquo;est pourquoi nous avons calcul\u00e9 et enregistr\u00e9 notre empreinte carbone aupr\u00e8s du MITERD (minist\u00e8re de la Transition \u00e9cologique et du D\u00e9fi d\u00e9mographique) [&hellip;]\" \/>\n<meta property=\"og:url\" content=\"https:\/\/www.lleal.com\/fr\/chez-lleal-nous-progressons-dans-la-lutte-contre-le-changement-climatique\/\" \/>\n<meta property=\"og:site_name\" content=\"Lleal S.A.U.\" \/>\n<meta property=\"article:published_time\" content=\"2024-02-07T14:14:45+00:00\" \/>\n<meta property=\"og:image\" content=\"https:\/\/www.lleal.com\/wp-content\/uploads\/2024\/02\/Reduccion-huella-de-carbono-1024x1024.png\" \/>\n\t<meta property=\"og:image:width\" content=\"1024\" \/>\n\t<meta property=\"og:image:height\" content=\"1024\" \/>\n\t<meta property=\"og:image:type\" content=\"image\/png\" \/>\n<meta name=\"author\" content=\"Emi\" \/>\n<meta name=\"twitter:card\" content=\"summary_large_image\" \/>\n<meta name=\"twitter:label1\" content=\"\u00c9crit par\" \/>\n\t<meta name=\"twitter:data1\" content=\"Emi\" \/>\n\t<meta name=\"twitter:label2\" content=\"Dur\u00e9e de lecture estim\u00e9e\" \/>\n\t<meta name=\"twitter:data2\" content=\"2 minutes\" \/>\n<!-- \/ Yoast SEO Premium plugin. -->","yoast_head_json":{"title":"Chez Lleal, nous progressons dans la lutte contre le changement climatique - Lleal S.A.U.","robots":{"index":"noindex","follow":"follow"},"og_locale":"fr_FR","og_type":"article","og_title":"Chez Lleal, nous progressons dans la lutte contre le changement climatique","og_description":"Lleal obtient le sceau \u201cReduzco\u201d d\u00e9cern\u00e9 par le MITERD pour son activit\u00e9 en 2021 et 2022. Granollers, le 7 f\u00e9vrier 2024. Chez Lleal, nous progressons dans la lutte contre le &#x1f30d; changement climatique. C&rsquo;est pourquoi nous avons calcul\u00e9 et enregistr\u00e9 notre empreinte carbone aupr\u00e8s du MITERD (minist\u00e8re de la Transition \u00e9cologique et du D\u00e9fi d\u00e9mographique) [&hellip;]","og_url":"https:\/\/www.lleal.com\/fr\/chez-lleal-nous-progressons-dans-la-lutte-contre-le-changement-climatique\/","og_site_name":"Lleal S.A.U.","article_published_time":"2024-02-07T14:14:45+00:00","og_image":[{"width":1024,"height":1024,"url":"https:\/\/www.lleal.com\/wp-content\/uploads\/2024\/02\/Reduccion-huella-de-carbono-1024x1024.png","type":"image\/png"}],"author":"Emi","twitter_card":"summary_large_image","twitter_misc":{"\u00c9crit par":"Emi","Dur\u00e9e de lecture estim\u00e9e":"2 minutes"},"schema":{"@context":"https:\/\/schema.org","@graph":[{"@type":"Article","@id":"https:\/\/www.lleal.com\/fr\/chez-lleal-nous-progressons-dans-la-lutte-contre-le-changement-climatique\/#article","isPartOf":{"@id":"https:\/\/www.lleal.com\/fr\/chez-lleal-nous-progressons-dans-la-lutte-contre-le-changement-climatique\/"},"author":{"name":"Emi","@id":"https:\/\/www.lleal.com\/fr\/#\/schema\/person\/961af9dee851257c7f77d8235e0018c0"},"headline":"Chez Lleal, nous progressons dans la lutte contre le changement climatique","datePublished":"2024-02-07T14:14:45+00:00","mainEntityOfPage":{"@id":"https:\/\/www.lleal.com\/fr\/chez-lleal-nous-progressons-dans-la-lutte-contre-le-changement-climatique\/"},"wordCount":217,"commentCount":0,"publisher":{"@id":"https:\/\/www.lleal.com\/fr\/#organization"},"image":{"@id":"https:\/\/www.lleal.com\/fr\/chez-lleal-nous-progressons-dans-la-lutte-contre-le-changement-climatique\/#primaryimage"},"thumbnailUrl":"https:\/\/www.lleal.com\/wp-content\/uploads\/2024\/02\/Reduccion-huella-de-carbono.png","articleSection":["Actualit\u00e9s"],"inLanguage":"fr-FR"},{"@type":"WebPage","@id":"https:\/\/www.lleal.com\/fr\/chez-lleal-nous-progressons-dans-la-lutte-contre-le-changement-climatique\/","url":"https:\/\/www.lleal.com\/fr\/chez-lleal-nous-progressons-dans-la-lutte-contre-le-changement-climatique\/","name":"Chez Lleal, nous progressons dans la lutte contre le changement climatique - Lleal S.A.U.","isPartOf":{"@id":"https:\/\/www.lleal.com\/fr\/#website"},"primaryImageOfPage":{"@id":"https:\/\/www.lleal.com\/fr\/chez-lleal-nous-progressons-dans-la-lutte-contre-le-changement-climatique\/#primaryimage"},"image":{"@id":"https:\/\/www.lleal.com\/fr\/chez-lleal-nous-progressons-dans-la-lutte-contre-le-changement-climatique\/#primaryimage"},"thumbnailUrl":"https:\/\/www.lleal.com\/wp-content\/uploads\/2024\/02\/Reduccion-huella-de-carbono.png","datePublished":"2024-02-07T14:14:45+00:00","breadcrumb":{"@id":"https:\/\/www.lleal.com\/fr\/chez-lleal-nous-progressons-dans-la-lutte-contre-le-changement-climatique\/#breadcrumb"},"inLanguage":"fr-FR","potentialAction":[{"@type":"ReadAction","target":["https:\/\/www.lleal.com\/fr\/chez-lleal-nous-progressons-dans-la-lutte-contre-le-changement-climatique\/"]}]},{"@type":"ImageObject","inLanguage":"fr-FR","@id":"https:\/\/www.lleal.com\/fr\/chez-lleal-nous-progressons-dans-la-lutte-contre-le-changement-climatique\/#primaryimage","url":"https:\/\/www.lleal.com\/wp-content\/uploads\/2024\/02\/Reduccion-huella-de-carbono.png","contentUrl":"https:\/\/www.lleal.com\/wp-content\/uploads\/2024\/02\/Reduccion-huella-de-carbono.png","width":1200,"height":1199},{"@type":"BreadcrumbList","@id":"https:\/\/www.lleal.com\/fr\/chez-lleal-nous-progressons-dans-la-lutte-contre-le-changement-climatique\/#breadcrumb","itemListElement":[{"@type":"ListItem","position":1,"name":"Portada","item":"https:\/\/www.lleal.com\/fr\/"},{"@type":"ListItem","position":2,"name":"Chez Lleal, nous progressons dans la lutte contre le changement climatique"}]},{"@type":"WebSite","@id":"https:\/\/www.lleal.com\/fr\/#website","url":"https:\/\/www.lleal.com\/fr\/","name":"Lleal S.A.U.","description":"Experiencia e innovaci\u00f3n al servicio de la industria de proceso","publisher":{"@id":"https:\/\/www.lleal.com\/fr\/#organization"},"potentialAction":[{"@type":"SearchAction","target":{"@type":"EntryPoint","urlTemplate":"https:\/\/www.lleal.com\/fr\/?s={search_term_string}"},"query-input":{"@type":"PropertyValueSpecification","valueRequired":true,"valueName":"search_term_string"}}],"inLanguage":"fr-FR"},{"@type":"Organization","@id":"https:\/\/www.lleal.com\/fr\/#organization","name":"Lleal S.A.U.","url":"https:\/\/www.lleal.com\/fr\/","logo":{"@type":"ImageObject","inLanguage":"fr-FR","@id":"https:\/\/www.lleal.com\/fr\/#\/schema\/logo\/image\/","url":"https:\/\/www.lleal.com\/wp-content\/uploads\/2022\/07\/LOGO-LLEAL-BLACK-CLAIM-1.png","contentUrl":"https:\/\/www.lleal.com\/wp-content\/uploads\/2022\/07\/LOGO-LLEAL-BLACK-CLAIM-1.png","width":116,"height":70,"caption":"Lleal S.A.U."},"image":{"@id":"https:\/\/www.lleal.com\/fr\/#\/schema\/logo\/image\/"}},{"@type":"Person","@id":"https:\/\/www.lleal.com\/fr\/#\/schema\/person\/961af9dee851257c7f77d8235e0018c0","name":"Emi","image":{"@type":"ImageObject","inLanguage":"fr-FR","@id":"https:\/\/secure.gravatar.com\/avatar\/d003a4668b5273301767e94969a212ad8dafc02f2d764a1bd5500ebcea768716?s=96&d=mm&r=g","url":"https:\/\/secure.gravatar.com\/avatar\/d003a4668b5273301767e94969a212ad8dafc02f2d764a1bd5500ebcea768716?s=96&d=mm&r=g","contentUrl":"https:\/\/secure.gravatar.com\/avatar\/d003a4668b5273301767e94969a212ad8dafc02f2d764a1bd5500ebcea768716?s=96&d=mm&r=g","caption":"Emi"}}]}},"_links":{"self":[{"href":"https:\/\/www.lleal.com\/fr\/wp-json\/wp\/v2\/posts\/40644","targetHints":{"allow":["GET"]}}],"collection":[{"href":"https:\/\/www.lleal.com\/fr\/wp-json\/wp\/v2\/posts"}],"about":[{"href":"https:\/\/www.lleal.com\/fr\/wp-json\/wp\/v2\/types\/post"}],"author":[{"embeddable":true,"href":"https:\/\/www.lleal.com\/fr\/wp-json\/wp\/v2\/users\/3"}],"replies":[{"embeddable":true,"href":"https:\/\/www.lleal.com\/fr\/wp-json\/wp\/v2\/comments?post=40644"}],"version-history":[{"count":0,"href":"https:\/\/www.lleal.com\/fr\/wp-json\/wp\/v2\/posts\/40644\/revisions"}],"wp:featuredmedia":[{"embeddable":true,"href":"https:\/\/www.lleal.com\/fr\/wp-json\/wp\/v2\/media\/40635"}],"wp:attachment":[{"href":"https:\/\/www.lleal.com\/fr\/wp-json\/wp\/v2\/media?parent=40644"}],"wp:term":[{"taxonomy":"category","embeddable":true,"href":"https:\/\/www.lleal.com\/fr\/wp-json\/wp\/v2\/categories?post=40644"},{"taxonomy":"post_tag","embeddable":true,"href":"https:\/\/www.lleal.com\/fr\/wp-json\/wp\/v2\/tags?post=40644"}],"curies":[{"name":"wp","href":"https:\/\/api.w.org\/{rel}","templated":true}]}}