{"id":53167,"date":"2026-04-17T11:24:35","date_gmt":"2026-04-17T09:24:35","guid":{"rendered":"https:\/\/www.lleal.com\/lleal-participa-en-la-jornada-tecnica-ntalks-02-sobre-tecnologies-de-proces\/"},"modified":"2026-04-22T12:19:39","modified_gmt":"2026-04-22T10:19:39","slug":"lleal-participa-en-la-jornada-tecnica-ntalks-02-sobre-tecnologies-de-proces","status":"publish","type":"post","link":"https:\/\/www.lleal.com\/ca\/lleal-participa-en-la-jornada-tecnica-ntalks-02-sobre-tecnologies-de-proces\/","title":{"rendered":"Lleal participa en la jornada t\u00e8cnica NTALKS #02 sobre tecnologies de proc\u00e9s"},"content":{"rendered":"\n<p>Aquesta setmana, a Lleal hem participat a <strong>NTALKS #02<\/strong> , la segona <strong>jornada t\u00e8cnica<\/strong> organitzada per NT Process a Granollers, una trobada que va reunir <strong>m\u00e9s de 65 professionals<\/strong> del sector procedents d&#8217;empreses vinculades a l&#8217; <strong>alimentaci\u00f3, la qu\u00edmica i l&#8217;enginyeria de proc\u00e9s<\/strong> .  <\/p>\n\n<p>Vam ser convidats a formar part d&#8217;una sessi\u00f3 en qu\u00e8 diverses empreses especialitzades compartim coneixement, experi\u00e8ncia i solucions per a alguns dels reptes principals que avui afronta la ind\u00fastria, especialment en \u00e0mbits com la manipulaci\u00f3 de s\u00f2lids i l&#8217;optimitzaci\u00f3 d&#8217;operacions.<\/p>\n\n<h2 class=\"wp-block-heading has-medium-font-size\" id=\"h-mezcla-granulacion-y-soluciones-para-optimizar-el-tratamiento-de-solidos\"><strong>Barreja, granulaci\u00f3 i solucions per optimitzar el tractament de s\u00f2lids<\/strong><\/h2>\n\n<p>La pon\u00e8ncia de Lleal es va centrar en el proc\u00e9s de <strong>mescla i granulaci\u00f3<\/strong> . Durant la sessi\u00f3, es van abordar diferents enfocaments aplicats al tractament de s\u00f2lids, posant el focus a la barreja de s\u00f2lids, les millores en equips rotatius i equips est\u00e0tics horitzontals, aix\u00ed com en els avantatges de la compactaci\u00f3 per rodets com a soluci\u00f3 altament efica\u00e7 per a la granulaci\u00f3 seca i per millorar el comportament del producte en proc\u00e9s. <\/p>\n\n<p>La presentaci\u00f3 de Lleal va permetre compartir solucions orientades a <strong>millorar el rendiment, optimitzar el tr\u00e0fec de producte, reduir segregacions post-barreja<\/strong> i respondre a <strong>necessitats concretes de densificaci\u00f3 i granulaci\u00f3<\/strong> en diferents entorns industrials. Tamb\u00e9 es van exposar casos reals i millores t\u00e8cniques aplicades a equips de proc\u00e9s, refor\u00e7ant el nostre comprom\u00eds amb el desenvolupament de solucions adaptades a cada necessitat. <\/p>\n\n<p>Volem agrair a NT Process la invitaci\u00f3 i l&#8217;excel\u00b7lent organitzaci\u00f3 d&#8217;aquesta segona jornada t\u00e8cnica, aix\u00ed com totes les persones assistents per l&#8217;inter\u00e8s, la participaci\u00f3 i l&#8217;intercanvi generat durant la trobada.<\/p>\n\n<p>Va ser una gran oportunitat no nom\u00e9s per <strong>compartir coneixement<\/strong>, sin\u00f3 tamb\u00e9 per consolidar la relaci\u00f3 amb altres empreses del sector i amb <strong>col\u00b7laboradors estrat\u00e8gics<\/strong>, cosa que, sens dubte, \u00e9s la clau per afrontar els nous reptes de la ind\u00fastria de processos. <\/p>\n\n<p>Continuem avan\u00e7ant al costat del sector, construint solucions amb tu, pas a pas.<\/p>\n","protected":false},"excerpt":{"rendered":"<p>Aquesta setmana, a Lleal hem participat a NTALKS #02 , la segona jornada t\u00e8cnica organitzada per NT Process a Granollers, una trobada que va reunir m\u00e9s de 65 professionals del sector procedents d&#8217;empreses vinculades a l&#8217; alimentaci\u00f3, la qu\u00edmica i l&#8217;enginyeria de proc\u00e9s . Vam ser convidats a formar part d&#8217;una sessi\u00f3 en qu\u00e8 diverses [&hellip;]<\/p>\n","protected":false},"author":4,"featured_media":53163,"comment_status":"closed","ping_status":"closed","sticky":false,"template":"","format":"standard","meta":{"_acf_changed":false,"footnotes":""},"categories":[178],"tags":[824,826,823,740,822,825],"class_list":["post-53167","post","type-post","status-publish","format-standard","has-post-thumbnail","hentry","category-noticies","tag-compactacio-per-rodets","tag-esdeveniments-i-jornades-tecniques","tag-granulacio-seca","tag-ingenieria-de-proceso","tag-tecnologies-de-proces","tag-tractament-de-solids"],"acf":[],"yoast_head":"<!-- This site is optimized with the Yoast SEO Premium plugin v23.8 (Yoast SEO v27.4) - https:\/\/yoast.com\/product\/yoast-seo-premium-wordpress\/ -->\n<title>Lleal a NTALKS #02: barreja i granulaci\u00f3 de s\u00f2lids<\/title>\n<meta name=\"description\" content=\"Lleal participa a NTALKS #02 amb una pon\u00e8ncia sobre mescla, granulaci\u00f3 i tecnologies de proc\u00e9s per a la ind\u00fastria aliment\u00e0ria i qu\u00edmica.\" \/>\n<meta name=\"robots\" content=\"noindex, follow\" \/>\n<meta property=\"og:locale\" content=\"ca_ES\" \/>\n<meta property=\"og:type\" content=\"article\" \/>\n<meta property=\"og:title\" content=\"Lleal participa en la jornada t\u00e8cnica NTALKS #02 sobre tecnologies de proc\u00e9s\" \/>\n<meta property=\"og:description\" content=\"Lleal participa a NTALKS #02 amb una pon\u00e8ncia sobre mescla, granulaci\u00f3 i tecnologies de proc\u00e9s per a la ind\u00fastria aliment\u00e0ria i qu\u00edmica.\" \/>\n<meta property=\"og:url\" content=\"https:\/\/www.lleal.com\/ca\/lleal-participa-en-la-jornada-tecnica-ntalks-02-sobre-tecnologies-de-proces\/\" \/>\n<meta property=\"og:site_name\" content=\"Lleal S.A.U.\" \/>\n<meta property=\"article:published_time\" content=\"2026-04-17T09:24:35+00:00\" \/>\n<meta property=\"article:modified_time\" content=\"2026-04-22T10:19:39+00:00\" \/>\n<meta property=\"og:image\" content=\"https:\/\/www.lleal.com\/wp-content\/uploads\/2026\/04\/Jornadas-NT.jpg\" \/>\n\t<meta property=\"og:image:width\" content=\"1001\" \/>\n\t<meta property=\"og:image:height\" content=\"711\" \/>\n\t<meta property=\"og:image:type\" content=\"image\/jpeg\" \/>\n<meta name=\"author\" content=\"Lleal\" \/>\n<meta name=\"twitter:card\" content=\"summary_large_image\" \/>\n<meta name=\"twitter:label1\" content=\"Escrit per\" \/>\n\t<meta name=\"twitter:data1\" content=\"Lleal\" \/>\n\t<meta name=\"twitter:label2\" content=\"Temps estimat de lectura\" \/>\n\t<meta name=\"twitter:data2\" content=\"2 minuts\" \/>\n<!-- \/ Yoast SEO Premium plugin. -->","yoast_head_json":{"title":"Lleal a NTALKS #02: barreja i granulaci\u00f3 de s\u00f2lids","description":"Lleal participa a NTALKS #02 amb una pon\u00e8ncia sobre mescla, granulaci\u00f3 i tecnologies de proc\u00e9s per a la ind\u00fastria aliment\u00e0ria i qu\u00edmica.","robots":{"index":"noindex","follow":"follow"},"og_locale":"ca_ES","og_type":"article","og_title":"Lleal participa en la jornada t\u00e8cnica NTALKS #02 sobre tecnologies de proc\u00e9s","og_description":"Lleal participa a NTALKS #02 amb una pon\u00e8ncia sobre mescla, granulaci\u00f3 i tecnologies de proc\u00e9s per a la ind\u00fastria aliment\u00e0ria i qu\u00edmica.","og_url":"https:\/\/www.lleal.com\/ca\/lleal-participa-en-la-jornada-tecnica-ntalks-02-sobre-tecnologies-de-proces\/","og_site_name":"Lleal S.A.U.","article_published_time":"2026-04-17T09:24:35+00:00","article_modified_time":"2026-04-22T10:19:39+00:00","og_image":[{"width":1001,"height":711,"url":"https:\/\/www.lleal.com\/wp-content\/uploads\/2026\/04\/Jornadas-NT.jpg","type":"image\/jpeg"}],"author":"Lleal","twitter_card":"summary_large_image","twitter_misc":{"Escrit per":"Lleal","Temps estimat de lectura":"2 minuts"},"schema":{"@context":"https:\/\/schema.org","@graph":[{"@type":"Article","@id":"https:\/\/www.lleal.com\/ca\/lleal-participa-en-la-jornada-tecnica-ntalks-02-sobre-tecnologies-de-proces\/#article","isPartOf":{"@id":"https:\/\/www.lleal.com\/ca\/lleal-participa-en-la-jornada-tecnica-ntalks-02-sobre-tecnologies-de-proces\/"},"author":{"name":"Lleal","@id":"https:\/\/www.lleal.com\/ca\/#\/schema\/person\/bd89023531ca06a70530fd34d4482329"},"headline":"Lleal participa en la jornada t\u00e8cnica NTALKS #02 sobre tecnologies de proc\u00e9s","datePublished":"2026-04-17T09:24:35+00:00","dateModified":"2026-04-22T10:19:39+00:00","mainEntityOfPage":{"@id":"https:\/\/www.lleal.com\/ca\/lleal-participa-en-la-jornada-tecnica-ntalks-02-sobre-tecnologies-de-proces\/"},"wordCount":358,"publisher":{"@id":"https:\/\/www.lleal.com\/ca\/#organization"},"image":{"@id":"https:\/\/www.lleal.com\/ca\/lleal-participa-en-la-jornada-tecnica-ntalks-02-sobre-tecnologies-de-proces\/#primaryimage"},"thumbnailUrl":"https:\/\/www.lleal.com\/wp-content\/uploads\/2026\/04\/Jornadas-NT.jpg","keywords":["compactaci\u00f3 per rodets","esdeveniments i jornades t\u00e8cniques","granulaci\u00f3 seca","ingenier\u00eda de proceso","tecnologies de proc\u00e9s","tractament de s\u00f2lids"],"articleSection":["Noticies"],"inLanguage":"ca"},{"@type":"WebPage","@id":"https:\/\/www.lleal.com\/ca\/lleal-participa-en-la-jornada-tecnica-ntalks-02-sobre-tecnologies-de-proces\/","url":"https:\/\/www.lleal.com\/ca\/lleal-participa-en-la-jornada-tecnica-ntalks-02-sobre-tecnologies-de-proces\/","name":"Lleal a NTALKS #02: barreja i granulaci\u00f3 de s\u00f2lids","isPartOf":{"@id":"https:\/\/www.lleal.com\/ca\/#website"},"primaryImageOfPage":{"@id":"https:\/\/www.lleal.com\/ca\/lleal-participa-en-la-jornada-tecnica-ntalks-02-sobre-tecnologies-de-proces\/#primaryimage"},"image":{"@id":"https:\/\/www.lleal.com\/ca\/lleal-participa-en-la-jornada-tecnica-ntalks-02-sobre-tecnologies-de-proces\/#primaryimage"},"thumbnailUrl":"https:\/\/www.lleal.com\/wp-content\/uploads\/2026\/04\/Jornadas-NT.jpg","datePublished":"2026-04-17T09:24:35+00:00","dateModified":"2026-04-22T10:19:39+00:00","description":"Lleal participa a NTALKS #02 amb una pon\u00e8ncia sobre mescla, granulaci\u00f3 i tecnologies de proc\u00e9s per a la ind\u00fastria aliment\u00e0ria i qu\u00edmica.","breadcrumb":{"@id":"https:\/\/www.lleal.com\/ca\/lleal-participa-en-la-jornada-tecnica-ntalks-02-sobre-tecnologies-de-proces\/#breadcrumb"},"inLanguage":"ca","potentialAction":[{"@type":"ReadAction","target":["https:\/\/www.lleal.com\/ca\/lleal-participa-en-la-jornada-tecnica-ntalks-02-sobre-tecnologies-de-proces\/"]}]},{"@type":"ImageObject","inLanguage":"ca","@id":"https:\/\/www.lleal.com\/ca\/lleal-participa-en-la-jornada-tecnica-ntalks-02-sobre-tecnologies-de-proces\/#primaryimage","url":"https:\/\/www.lleal.com\/wp-content\/uploads\/2026\/04\/Jornadas-NT.jpg","contentUrl":"https:\/\/www.lleal.com\/wp-content\/uploads\/2026\/04\/Jornadas-NT.jpg","width":1001,"height":711,"caption":"Lleal participa a les Jornades t\u00e8cniques NTalks2"},{"@type":"BreadcrumbList","@id":"https:\/\/www.lleal.com\/ca\/lleal-participa-en-la-jornada-tecnica-ntalks-02-sobre-tecnologies-de-proces\/#breadcrumb","itemListElement":[{"@type":"ListItem","position":1,"name":"Portada","item":"https:\/\/www.lleal.com\/ca\/"},{"@type":"ListItem","position":2,"name":"Lleal participa en la jornada t\u00e8cnica NTALKS #02 sobre tecnologies de proc\u00e9s"}]},{"@type":"WebSite","@id":"https:\/\/www.lleal.com\/ca\/#website","url":"https:\/\/www.lleal.com\/ca\/","name":"Lleal S.A.U.","description":"Experiencia e innovaci\u00f3n al servicio de la industria de proceso","publisher":{"@id":"https:\/\/www.lleal.com\/ca\/#organization"},"potentialAction":[{"@type":"SearchAction","target":{"@type":"EntryPoint","urlTemplate":"https:\/\/www.lleal.com\/ca\/?s={search_term_string}"},"query-input":{"@type":"PropertyValueSpecification","valueRequired":true,"valueName":"search_term_string"}}],"inLanguage":"ca"},{"@type":"Organization","@id":"https:\/\/www.lleal.com\/ca\/#organization","name":"Lleal S.A.U.","url":"https:\/\/www.lleal.com\/ca\/","logo":{"@type":"ImageObject","inLanguage":"ca","@id":"https:\/\/www.lleal.com\/ca\/#\/schema\/logo\/image\/","url":"https:\/\/www.lleal.com\/wp-content\/uploads\/2022\/07\/LOGO-LLEAL-BLACK-CLAIM-1.png","contentUrl":"https:\/\/www.lleal.com\/wp-content\/uploads\/2022\/07\/LOGO-LLEAL-BLACK-CLAIM-1.png","width":116,"height":70,"caption":"Lleal S.A.U."},"image":{"@id":"https:\/\/www.lleal.com\/ca\/#\/schema\/logo\/image\/"}},{"@type":"Person","@id":"https:\/\/www.lleal.com\/ca\/#\/schema\/person\/bd89023531ca06a70530fd34d4482329","name":"Lleal","image":{"@type":"ImageObject","inLanguage":"ca","@id":"https:\/\/secure.gravatar.com\/avatar\/624c429bed6b44fad6903c3db0dcba2ba620a36f26f7b13130ee781f7bd8330c?s=96&d=mm&r=g","url":"https:\/\/secure.gravatar.com\/avatar\/624c429bed6b44fad6903c3db0dcba2ba620a36f26f7b13130ee781f7bd8330c?s=96&d=mm&r=g","contentUrl":"https:\/\/secure.gravatar.com\/avatar\/624c429bed6b44fad6903c3db0dcba2ba620a36f26f7b13130ee781f7bd8330c?s=96&d=mm&r=g","caption":"Lleal"}}]}},"_links":{"self":[{"href":"https:\/\/www.lleal.com\/ca\/wp-json\/wp\/v2\/posts\/53167","targetHints":{"allow":["GET"]}}],"collection":[{"href":"https:\/\/www.lleal.com\/ca\/wp-json\/wp\/v2\/posts"}],"about":[{"href":"https:\/\/www.lleal.com\/ca\/wp-json\/wp\/v2\/types\/post"}],"author":[{"embeddable":true,"href":"https:\/\/www.lleal.com\/ca\/wp-json\/wp\/v2\/users\/4"}],"replies":[{"embeddable":true,"href":"https:\/\/www.lleal.com\/ca\/wp-json\/wp\/v2\/comments?post=53167"}],"version-history":[{"count":2,"href":"https:\/\/www.lleal.com\/ca\/wp-json\/wp\/v2\/posts\/53167\/revisions"}],"predecessor-version":[{"id":53174,"href":"https:\/\/www.lleal.com\/ca\/wp-json\/wp\/v2\/posts\/53167\/revisions\/53174"}],"wp:featuredmedia":[{"embeddable":true,"href":"https:\/\/www.lleal.com\/ca\/wp-json\/wp\/v2\/media\/53163"}],"wp:attachment":[{"href":"https:\/\/www.lleal.com\/ca\/wp-json\/wp\/v2\/media?parent=53167"}],"wp:term":[{"taxonomy":"category","embeddable":true,"href":"https:\/\/www.lleal.com\/ca\/wp-json\/wp\/v2\/categories?post=53167"},{"taxonomy":"post_tag","embeddable":true,"href":"https:\/\/www.lleal.com\/ca\/wp-json\/wp\/v2\/tags?post=53167"}],"curies":[{"name":"wp","href":"https:\/\/api.w.org\/{rel}","templated":true}]}}