{"id":49365,"date":"2024-10-23T15:59:57","date_gmt":"2024-10-23T13:59:57","guid":{"rendered":"https:\/\/www.lleal.com\/?p=49365"},"modified":"2024-11-18T15:19:41","modified_gmt":"2024-11-18T14:19:41","slug":"lleal-conmemora-sus-150-anos-con-una-cena-de-gala-con-victor-kuppers","status":"publish","type":"post","link":"https:\/\/www.lleal.com\/ca\/lleal-conmemora-sus-150-anos-con-una-cena-de-gala-con-victor-kuppers\/","title":{"rendered":"Lleal commemora els seus 150 anys amb un inoblidable sopar de gala"},"content":{"rendered":"\n<p><strong>Una nit plena d&#8217;emocions que va comptar amb la pres\u00e8ncia de V\u00edctor K\u00fcppers.<\/strong><\/p>\n\n<p>Divendres passat tot l&#8217;equip de Lleal es va reunir per a celebrar, una vegada m\u00e9s, una fita en la nostra hist\u00f2ria: el nostre 150 aniversari! La trobada va tenir lloc en el m\u00e0gic entorn del Club de Golf de Vallromanes i va comptar amb la pres\u00e8ncia de membres de l&#8217;accionariat i empleats. <\/p>\n\n<p>La vetllada la comencem en l&#8217;exterior amb un aperitiu informal per a obrir boca a tot el que ens esperava durant la nit. Ja a l&#8217;interior, la direcci\u00f3 va agrair a tots els treballadors el seu constant esfor\u00e7 i el comprom\u00eds demostrat al llarg dels anys, sense oblidar la petjada inesborrable dels fundadors, que sempre ens ha marcat el cam\u00ed. <\/p>\n\n<p><a href=\"https:\/\/kuppers.com\/\">V\u00edctor K\u00fcppers<\/a> va continuar amb una xerrada motivadora que va fer reflexionar a tots els presents: &#8220;<em>viure amb alegria \u00e9s una decisi\u00f3<\/em>&#8220;, va afirmar en un moment de la seva intervenci\u00f3; i \u00e9s que el seu discurs es va enfocar a transmetre una idea fonamental: <strong>les aptituds sumen, per\u00f2 la teva actitud multiplica<\/strong>. <\/p>\n\n<figure class=\"wp-block-gallery has-nested-images columns-default is-cropped wp-block-gallery-1 is-layout-flex wp-block-gallery-is-layout-flex\">\n<figure class=\"wp-block-image size-full\"><img fetchpriority=\"high\" decoding=\"async\" width=\"800\" height=\"560\" data-id=\"49350\" src=\"https:\/\/www.lleal.com\/wp-content\/uploads\/2024\/10\/Victor-Kupper-y-plantilla.webp\" alt=\"\" class=\"wp-image-49350\" srcset=\"https:\/\/www.lleal.com\/wp-content\/uploads\/2024\/10\/Victor-Kupper-y-plantilla.webp 800w, https:\/\/www.lleal.com\/wp-content\/uploads\/2024\/10\/Victor-Kupper-y-plantilla-300x210.webp 300w, https:\/\/www.lleal.com\/wp-content\/uploads\/2024\/10\/Victor-Kupper-y-plantilla-768x538.webp 768w\" sizes=\"(max-width: 800px) 100vw, 800px\" \/><\/figure>\n\n\n\n<figure class=\"wp-block-image size-large\"><img decoding=\"async\" width=\"800\" height=\"560\" data-id=\"49351\" src=\"https:\/\/www.lleal.com\/wp-content\/uploads\/2024\/10\/Victor-Kupper-y-familia-1.webp\" alt=\"\" class=\"wp-image-49351\" srcset=\"https:\/\/www.lleal.com\/wp-content\/uploads\/2024\/10\/Victor-Kupper-y-familia-1.webp 800w, https:\/\/www.lleal.com\/wp-content\/uploads\/2024\/10\/Victor-Kupper-y-familia-1-300x210.webp 300w, https:\/\/www.lleal.com\/wp-content\/uploads\/2024\/10\/Victor-Kupper-y-familia-1-768x538.webp 768w\" sizes=\"(max-width: 800px) 100vw, 800px\" \/><\/figure>\n<\/figure>\n\n<p>La nit va continuar amb un magn\u00edfic sopar, amenitzada amb m\u00fasica, en la qual va haver-hi moments per a compartir riures i records i amb un final rod\u00f3: un simb\u00f2lic past\u00eds amb espelmes que, en un gest d&#8217;uni\u00f3, apaguem tots junts i amb un brindis pel nostre passat i pel futur que ens queda per viure.<\/p>\n\n<figure class=\"wp-block-gallery has-nested-images columns-default is-cropped wp-block-gallery-2 is-layout-flex wp-block-gallery-is-layout-flex\">\n<figure class=\"wp-block-image size-large\"><img decoding=\"async\" width=\"800\" height=\"450\" data-id=\"49359\" src=\"https:\/\/www.lleal.com\/wp-content\/uploads\/2024\/10\/Plantilla.webp\" alt=\"\" class=\"wp-image-49359\" srcset=\"https:\/\/www.lleal.com\/wp-content\/uploads\/2024\/10\/Plantilla.webp 800w, https:\/\/www.lleal.com\/wp-content\/uploads\/2024\/10\/Plantilla-300x169.webp 300w, https:\/\/www.lleal.com\/wp-content\/uploads\/2024\/10\/Plantilla-768x432.webp 768w\" sizes=\"(max-width: 800px) 100vw, 800px\" \/><\/figure>\n\n\n\n<figure class=\"wp-block-image size-large\"><img loading=\"lazy\" decoding=\"async\" width=\"800\" height=\"450\" data-id=\"49355\" src=\"https:\/\/www.lleal.com\/wp-content\/uploads\/2024\/10\/Image-3-copia.webp\" alt=\"\" class=\"wp-image-49355\" srcset=\"https:\/\/www.lleal.com\/wp-content\/uploads\/2024\/10\/Image-3-copia.webp 800w, https:\/\/www.lleal.com\/wp-content\/uploads\/2024\/10\/Image-3-copia-300x169.webp 300w, https:\/\/www.lleal.com\/wp-content\/uploads\/2024\/10\/Image-3-copia-768x432.webp 768w\" sizes=\"(max-width: 800px) 100vw, 800px\" \/><\/figure>\n<\/figure>\n\n<p>Aquest 150 aniversari no \u00e9s nom\u00e9s una celebraci\u00f3 pels \u00e8xits reeixits sin\u00f3 una promesa de continuar construint un futur junts. <\/p>\n\n<p>Per altres 150 anys de nous projectes i creixement en fam\u00edlia!<\/p>\n","protected":false},"excerpt":{"rendered":"<p>Una nit plena d&#8217;emocions que va comptar amb la pres\u00e8ncia de V\u00edctor K\u00fcppers. Divendres passat tot l&#8217;equip de Lleal es va reunir per a celebrar, una vegada m\u00e9s, una fita en la nostra hist\u00f2ria: el nostre 150 aniversari! La trobada va tenir lloc en el m\u00e0gic entorn del Club de Golf de Vallromanes i va [&hellip;]<\/p>\n","protected":false},"author":4,"featured_media":49343,"comment_status":"open","ping_status":"open","sticky":false,"template":"","format":"standard","meta":{"_acf_changed":false,"footnotes":""},"categories":[178],"tags":[190,191,192,193,219,194,195,197,198],"class_list":["post-49365","post","type-post","status-publish","format-standard","has-post-thumbnail","hentry","category-noticies","tag-150-aniversario-ca","tag-actitud-positiva-ca","tag-celebracion-ca","tag-club-de-golf-vallromanes-ca","tag-creixement","tag-exito-compartido-ca","tag-granollers-ca","tag-maquinaria-industrial-ca","tag-victor-kuppers-ca"],"acf":[],"yoast_head":"<!-- This site is optimized with the Yoast SEO Premium plugin v23.8 (Yoast SEO v27.4) - https:\/\/yoast.com\/product\/yoast-seo-premium-wordpress\/ -->\n<title>Lleal es reuneix per a celebrar el seu 150 aniversari, fita en la seva hist\u00f2ria<\/title>\n<meta name=\"description\" content=\"Lleal celebra una fita en la seva hist\u00f2ria: el seu 150 aniversari!. La trobada va comptar amb la pres\u00e8ncia de l&#039;accionariat i els empleats.\" \/>\n<meta name=\"robots\" content=\"noindex, follow\" \/>\n<meta property=\"og:locale\" content=\"ca_ES\" \/>\n<meta property=\"og:type\" content=\"article\" \/>\n<meta property=\"og:title\" content=\"Lleal commemora els seus 150 anys amb un inoblidable sopar de gala\" \/>\n<meta property=\"og:description\" content=\"Lleal celebra una fita en la seva hist\u00f2ria: el seu 150 aniversari!. La trobada va comptar amb la pres\u00e8ncia de l&#039;accionariat i els empleats.\" \/>\n<meta property=\"og:url\" content=\"https:\/\/www.lleal.com\/ca\/lleal-conmemora-sus-150-anos-con-una-cena-de-gala-con-victor-kuppers\/\" \/>\n<meta property=\"og:site_name\" content=\"Lleal S.A.U.\" \/>\n<meta property=\"article:published_time\" content=\"2024-10-23T13:59:57+00:00\" \/>\n<meta property=\"article:modified_time\" content=\"2024-11-18T14:19:41+00:00\" \/>\n<meta property=\"og:image\" content=\"https:\/\/www.lleal.com\/wp-content\/uploads\/2024\/10\/Alex-y-Rosa-Mari.webp\" \/>\n\t<meta property=\"og:image:width\" content=\"800\" \/>\n\t<meta property=\"og:image:height\" content=\"573\" \/>\n\t<meta property=\"og:image:type\" content=\"image\/webp\" \/>\n<meta name=\"author\" content=\"Lleal\" \/>\n<meta name=\"twitter:card\" content=\"summary_large_image\" \/>\n<meta name=\"twitter:label1\" content=\"Escrit per\" \/>\n\t<meta name=\"twitter:data1\" content=\"Lleal\" \/>\n\t<meta name=\"twitter:label2\" content=\"Temps estimat de lectura\" \/>\n\t<meta name=\"twitter:data2\" content=\"3 minuts\" \/>\n<!-- \/ Yoast SEO Premium plugin. -->","yoast_head_json":{"title":"Lleal es reuneix per a celebrar el seu 150 aniversari, fita en la seva hist\u00f2ria","description":"Lleal celebra una fita en la seva hist\u00f2ria: el seu 150 aniversari!. La trobada va comptar amb la pres\u00e8ncia de l'accionariat i els empleats.","robots":{"index":"noindex","follow":"follow"},"og_locale":"ca_ES","og_type":"article","og_title":"Lleal commemora els seus 150 anys amb un inoblidable sopar de gala","og_description":"Lleal celebra una fita en la seva hist\u00f2ria: el seu 150 aniversari!. La trobada va comptar amb la pres\u00e8ncia de l'accionariat i els empleats.","og_url":"https:\/\/www.lleal.com\/ca\/lleal-conmemora-sus-150-anos-con-una-cena-de-gala-con-victor-kuppers\/","og_site_name":"Lleal S.A.U.","article_published_time":"2024-10-23T13:59:57+00:00","article_modified_time":"2024-11-18T14:19:41+00:00","og_image":[{"width":800,"height":573,"url":"https:\/\/www.lleal.com\/wp-content\/uploads\/2024\/10\/Alex-y-Rosa-Mari.webp","type":"image\/webp"}],"author":"Lleal","twitter_card":"summary_large_image","twitter_misc":{"Escrit per":"Lleal","Temps estimat de lectura":"3 minuts"},"schema":{"@context":"https:\/\/schema.org","@graph":[{"@type":"Article","@id":"https:\/\/www.lleal.com\/ca\/lleal-conmemora-sus-150-anos-con-una-cena-de-gala-con-victor-kuppers\/#article","isPartOf":{"@id":"https:\/\/www.lleal.com\/ca\/lleal-conmemora-sus-150-anos-con-una-cena-de-gala-con-victor-kuppers\/"},"author":{"name":"Lleal","@id":"https:\/\/www.lleal.com\/ca\/#\/schema\/person\/bd89023531ca06a70530fd34d4482329"},"headline":"Lleal commemora els seus 150 anys amb un inoblidable sopar de gala","datePublished":"2024-10-23T13:59:57+00:00","dateModified":"2024-11-18T14:19:41+00:00","mainEntityOfPage":{"@id":"https:\/\/www.lleal.com\/ca\/lleal-conmemora-sus-150-anos-con-una-cena-de-gala-con-victor-kuppers\/"},"wordCount":295,"commentCount":0,"publisher":{"@id":"https:\/\/www.lleal.com\/ca\/#organization"},"image":{"@id":"https:\/\/www.lleal.com\/ca\/lleal-conmemora-sus-150-anos-con-una-cena-de-gala-con-victor-kuppers\/#primaryimage"},"thumbnailUrl":"https:\/\/www.lleal.com\/wp-content\/uploads\/2024\/10\/Alex-y-Rosa-Mari.webp","keywords":["150 aniversari","actitut positiva","celebraci\u00f3","Club de Golf Vallromanes","creixement","\u00e8xit compartit","Granollers","maquin\u00e0ria industrial","V\u00edctor K\u00fcppers"],"articleSection":["Noticies"],"inLanguage":"ca"},{"@type":"WebPage","@id":"https:\/\/www.lleal.com\/ca\/lleal-conmemora-sus-150-anos-con-una-cena-de-gala-con-victor-kuppers\/","url":"https:\/\/www.lleal.com\/ca\/lleal-conmemora-sus-150-anos-con-una-cena-de-gala-con-victor-kuppers\/","name":"Lleal es reuneix per a celebrar el seu 150 aniversari, fita en la seva hist\u00f2ria","isPartOf":{"@id":"https:\/\/www.lleal.com\/ca\/#website"},"primaryImageOfPage":{"@id":"https:\/\/www.lleal.com\/ca\/lleal-conmemora-sus-150-anos-con-una-cena-de-gala-con-victor-kuppers\/#primaryimage"},"image":{"@id":"https:\/\/www.lleal.com\/ca\/lleal-conmemora-sus-150-anos-con-una-cena-de-gala-con-victor-kuppers\/#primaryimage"},"thumbnailUrl":"https:\/\/www.lleal.com\/wp-content\/uploads\/2024\/10\/Alex-y-Rosa-Mari.webp","datePublished":"2024-10-23T13:59:57+00:00","dateModified":"2024-11-18T14:19:41+00:00","description":"Lleal celebra una fita en la seva hist\u00f2ria: el seu 150 aniversari!. La trobada va comptar amb la pres\u00e8ncia de l'accionariat i els empleats.","breadcrumb":{"@id":"https:\/\/www.lleal.com\/ca\/lleal-conmemora-sus-150-anos-con-una-cena-de-gala-con-victor-kuppers\/#breadcrumb"},"inLanguage":"ca","potentialAction":[{"@type":"ReadAction","target":["https:\/\/www.lleal.com\/ca\/lleal-conmemora-sus-150-anos-con-una-cena-de-gala-con-victor-kuppers\/"]}]},{"@type":"ImageObject","inLanguage":"ca","@id":"https:\/\/www.lleal.com\/ca\/lleal-conmemora-sus-150-anos-con-una-cena-de-gala-con-victor-kuppers\/#primaryimage","url":"https:\/\/www.lleal.com\/wp-content\/uploads\/2024\/10\/Alex-y-Rosa-Mari.webp","contentUrl":"https:\/\/www.lleal.com\/wp-content\/uploads\/2024\/10\/Alex-y-Rosa-Mari.webp","width":800,"height":573},{"@type":"BreadcrumbList","@id":"https:\/\/www.lleal.com\/ca\/lleal-conmemora-sus-150-anos-con-una-cena-de-gala-con-victor-kuppers\/#breadcrumb","itemListElement":[{"@type":"ListItem","position":1,"name":"Portada","item":"https:\/\/www.lleal.com\/ca\/"},{"@type":"ListItem","position":2,"name":"Lleal commemora els seus 150 anys amb un inoblidable sopar de gala"}]},{"@type":"WebSite","@id":"https:\/\/www.lleal.com\/ca\/#website","url":"https:\/\/www.lleal.com\/ca\/","name":"Lleal S.A.U.","description":"Experiencia e innovaci\u00f3n al servicio de la industria de proceso","publisher":{"@id":"https:\/\/www.lleal.com\/ca\/#organization"},"potentialAction":[{"@type":"SearchAction","target":{"@type":"EntryPoint","urlTemplate":"https:\/\/www.lleal.com\/ca\/?s={search_term_string}"},"query-input":{"@type":"PropertyValueSpecification","valueRequired":true,"valueName":"search_term_string"}}],"inLanguage":"ca"},{"@type":"Organization","@id":"https:\/\/www.lleal.com\/ca\/#organization","name":"Lleal S.A.U.","url":"https:\/\/www.lleal.com\/ca\/","logo":{"@type":"ImageObject","inLanguage":"ca","@id":"https:\/\/www.lleal.com\/ca\/#\/schema\/logo\/image\/","url":"https:\/\/www.lleal.com\/wp-content\/uploads\/2022\/07\/LOGO-LLEAL-BLACK-CLAIM-1.png","contentUrl":"https:\/\/www.lleal.com\/wp-content\/uploads\/2022\/07\/LOGO-LLEAL-BLACK-CLAIM-1.png","width":116,"height":70,"caption":"Lleal S.A.U."},"image":{"@id":"https:\/\/www.lleal.com\/ca\/#\/schema\/logo\/image\/"}},{"@type":"Person","@id":"https:\/\/www.lleal.com\/ca\/#\/schema\/person\/bd89023531ca06a70530fd34d4482329","name":"Lleal","image":{"@type":"ImageObject","inLanguage":"ca","@id":"https:\/\/secure.gravatar.com\/avatar\/624c429bed6b44fad6903c3db0dcba2ba620a36f26f7b13130ee781f7bd8330c?s=96&d=mm&r=g","url":"https:\/\/secure.gravatar.com\/avatar\/624c429bed6b44fad6903c3db0dcba2ba620a36f26f7b13130ee781f7bd8330c?s=96&d=mm&r=g","contentUrl":"https:\/\/secure.gravatar.com\/avatar\/624c429bed6b44fad6903c3db0dcba2ba620a36f26f7b13130ee781f7bd8330c?s=96&d=mm&r=g","caption":"Lleal"}}]}},"_links":{"self":[{"href":"https:\/\/www.lleal.com\/ca\/wp-json\/wp\/v2\/posts\/49365","targetHints":{"allow":["GET"]}}],"collection":[{"href":"https:\/\/www.lleal.com\/ca\/wp-json\/wp\/v2\/posts"}],"about":[{"href":"https:\/\/www.lleal.com\/ca\/wp-json\/wp\/v2\/types\/post"}],"author":[{"embeddable":true,"href":"https:\/\/www.lleal.com\/ca\/wp-json\/wp\/v2\/users\/4"}],"replies":[{"embeddable":true,"href":"https:\/\/www.lleal.com\/ca\/wp-json\/wp\/v2\/comments?post=49365"}],"version-history":[{"count":0,"href":"https:\/\/www.lleal.com\/ca\/wp-json\/wp\/v2\/posts\/49365\/revisions"}],"wp:featuredmedia":[{"embeddable":true,"href":"https:\/\/www.lleal.com\/ca\/wp-json\/wp\/v2\/media\/49343"}],"wp:attachment":[{"href":"https:\/\/www.lleal.com\/ca\/wp-json\/wp\/v2\/media?parent=49365"}],"wp:term":[{"taxonomy":"category","embeddable":true,"href":"https:\/\/www.lleal.com\/ca\/wp-json\/wp\/v2\/categories?post=49365"},{"taxonomy":"post_tag","embeddable":true,"href":"https:\/\/www.lleal.com\/ca\/wp-json\/wp\/v2\/tags?post=49365"}],"curies":[{"name":"wp","href":"https:\/\/api.w.org\/{rel}","templated":true}]}}