{"id":47201,"date":"2024-05-27T13:29:54","date_gmt":"2024-05-27T11:29:54","guid":{"rendered":"https:\/\/www.lleal.com\/?p=40822"},"modified":"2024-08-01T14:00:02","modified_gmt":"2024-08-01T12:00:02","slug":"impuls-solidari-contra-el-cancer-de-mama-a-lleal","status":"publish","type":"post","link":"https:\/\/www.lleal.com\/ca\/impuls-solidari-contra-el-cancer-de-mama-a-lleal\/","title":{"rendered":"Impuls Solidari Contra el C\u00e0ncer de Mama a Lleal"},"content":{"rendered":"<h3>Descobreix com la Cena-Gala CONTIGO 2024 a Mas de Sant Lle\u00ed va recaptar fons per a la investigaci\u00f3 i suport contra el c\u00e0ncer de mama.<\/h3>\n<p> El passat dijous 23 de maig, va ser un dia molt especial per a totes les dones de Lleal. Juntes vam gaudir d\u2019una nova edici\u00f3 de la Cena-Gala CONTIGO 2024, en el meravell\u00f3s entorn de Mas de Sant Lle\u00ed, a Vilanova del Vall\u00e8s. Units per una molt bona causa: col\u00b7laborar en la recaptaci\u00f3 per a la investigaci\u00f3 contra el c\u00e0ncer de mama.<br \/>En aquesta 5a edici\u00f3 d\u2019aquest esdeveniment, en benefici de la Fundaci\u00f3 Contigo Contra el C\u00e0ncer de la Dona i els seus projectes de recerca, vam tenir el privilegi d\u2019escoltar al doctor Javier Cort\u00e9s, president de la fundaci\u00f3, i al doctor Antonio Llombart.<br \/>La Fundaci\u00f3 porta m\u00e9s de 20 anys analitzant com erradicar el c\u00e0ncer de la dona, focalitzant-se en un millor diagn\u00f2stic i un millor tractament. Durant les seves exposicions, ens van presentar alguns dels nous projectes en curs, centrats particularment en el c\u00e0ncer metast\u00e0sic, ressaltant la essencialitat de l\u2019estudi constant i del suport a les dones que enfronten aquesta dura batalla.<br \/>Montse Almirall, vicepresidenta de la Fundaci\u00f3, ens va compartir la seva hist\u00f2ria personal i va presentar el conte \u201c<a href=\"https:\/\/www.fundacioncontigo.org\/cuento-contigo\/\">Cristina i Mare<\/a>\u201c, una valuosa eina per afrontar el c\u00e0ncer en l\u2019entorn familiar i amb el qual es pret\u00e9n aconseguir m\u00e9s fons per a la recerca.<br \/>Durant l\u2019esdeveniment, vam tenir el privilegi de participar en un sorteig destinat a la recaptaci\u00f3 de fons. Gr\u00e0cies a la generositat de tots els presents, van aconseguir recaptar 57.400 euros que es destinaran a projectes de recerca. Ens sentim molt orgulloses i agra\u00efdes per la col\u00b7laboraci\u00f3 que Lleal presta a favor de la Fundaci\u00f3 CONTIGO.<br \/>Agra\u00efm tamb\u00e9 al doctor Javier Cort\u00e9s i a tot el Patronat de la Fundaci\u00f3 contigo el haver fet possible un cop m\u00e9s aquesta nit inoblidable.<br \/>Seguirem donant suport i lluitant, perqu\u00e8 junts, podem v\u00e8ncer qualsevol desafiament.            [rl_gallery id=&#8221;40859&#8243;]<\/p>\n","protected":false},"excerpt":{"rendered":"<p>Descobreix com la Cena-Gala CONTIGO 2024 a Mas de Sant Lle\u00ed va recaptar fons per a la investigaci\u00f3 i suport contra el c\u00e0ncer de mama. El passat dijous 23 de maig, va ser un dia molt especial per a totes les dones de Lleal. Juntes vam gaudir d\u2019una nova edici\u00f3 de la Cena-Gala CONTIGO 2024, [&hellip;]<\/p>\n","protected":false},"author":4,"featured_media":49273,"comment_status":"open","ping_status":"open","sticky":false,"template":"","format":"standard","meta":{"_acf_changed":false,"footnotes":""},"categories":[178],"tags":[],"class_list":["post-47201","post","type-post","status-publish","format-standard","has-post-thumbnail","hentry","category-noticies"],"acf":[],"yoast_head":"<!-- This site is optimized with the Yoast SEO Premium plugin v23.8 (Yoast SEO v27.4) - https:\/\/yoast.com\/product\/yoast-seo-premium-wordpress\/ -->\n<title>Impuls Solidari Contra el C\u00e0ncer de Mama a Lleal - Lleal S.A.U.<\/title>\n<meta name=\"description\" content=\"Descobreix com aquest sopar ben\u00e8fic a Mas de Sant Lle\u00ed va recaptar 57.400 euros per a la investigaci\u00f3 i suport en la lluita contra el c\u00e0ncer de mama.\" \/>\n<meta name=\"robots\" content=\"noindex, follow\" \/>\n<meta property=\"og:locale\" content=\"ca_ES\" \/>\n<meta property=\"og:type\" content=\"article\" \/>\n<meta property=\"og:title\" content=\"Impuls Solidari Contra el C\u00e0ncer de Mama a Lleal\" \/>\n<meta property=\"og:description\" content=\"Descobreix com aquest sopar ben\u00e8fic a Mas de Sant Lle\u00ed va recaptar 57.400 euros per a la investigaci\u00f3 i suport en la lluita contra el c\u00e0ncer de mama.\" \/>\n<meta property=\"og:url\" content=\"https:\/\/www.lleal.com\/ca\/impuls-solidari-contra-el-cancer-de-mama-a-lleal\/\" \/>\n<meta property=\"og:site_name\" content=\"Lleal S.A.U.\" \/>\n<meta property=\"article:published_time\" content=\"2024-05-27T11:29:54+00:00\" \/>\n<meta property=\"article:modified_time\" content=\"2024-08-01T12:00:02+00:00\" \/>\n<meta property=\"og:image\" content=\"https:\/\/www.lleal.com\/wp-content\/uploads\/2024\/05\/contigo3-2024-1.webp\" \/>\n\t<meta property=\"og:image:width\" content=\"1200\" \/>\n\t<meta property=\"og:image:height\" content=\"1200\" \/>\n\t<meta property=\"og:image:type\" content=\"image\/webp\" \/>\n<meta name=\"author\" content=\"Lleal\" \/>\n<meta name=\"twitter:card\" content=\"summary_large_image\" \/>\n<meta name=\"twitter:label1\" content=\"Escrit per\" \/>\n\t<meta name=\"twitter:data1\" content=\"Lleal\" \/>\n\t<meta name=\"twitter:label2\" content=\"Temps estimat de lectura\" \/>\n\t<meta name=\"twitter:data2\" content=\"2 minuts\" \/>\n<!-- \/ Yoast SEO Premium plugin. -->","yoast_head_json":{"title":"Impuls Solidari Contra el C\u00e0ncer de Mama a Lleal - Lleal S.A.U.","description":"Descobreix com aquest sopar ben\u00e8fic a Mas de Sant Lle\u00ed va recaptar 57.400 euros per a la investigaci\u00f3 i suport en la lluita contra el c\u00e0ncer de mama.","robots":{"index":"noindex","follow":"follow"},"og_locale":"ca_ES","og_type":"article","og_title":"Impuls Solidari Contra el C\u00e0ncer de Mama a Lleal","og_description":"Descobreix com aquest sopar ben\u00e8fic a Mas de Sant Lle\u00ed va recaptar 57.400 euros per a la investigaci\u00f3 i suport en la lluita contra el c\u00e0ncer de mama.","og_url":"https:\/\/www.lleal.com\/ca\/impuls-solidari-contra-el-cancer-de-mama-a-lleal\/","og_site_name":"Lleal S.A.U.","article_published_time":"2024-05-27T11:29:54+00:00","article_modified_time":"2024-08-01T12:00:02+00:00","og_image":[{"width":1200,"height":1200,"url":"https:\/\/www.lleal.com\/wp-content\/uploads\/2024\/05\/contigo3-2024-1.webp","type":"image\/webp"}],"author":"Lleal","twitter_card":"summary_large_image","twitter_misc":{"Escrit per":"Lleal","Temps estimat de lectura":"2 minuts"},"schema":{"@context":"https:\/\/schema.org","@graph":[{"@type":"Article","@id":"https:\/\/www.lleal.com\/ca\/impuls-solidari-contra-el-cancer-de-mama-a-lleal\/#article","isPartOf":{"@id":"https:\/\/www.lleal.com\/ca\/impuls-solidari-contra-el-cancer-de-mama-a-lleal\/"},"author":{"name":"Lleal","@id":"https:\/\/www.lleal.com\/ca\/#\/schema\/person\/bd89023531ca06a70530fd34d4482329"},"headline":"Impuls Solidari Contra el C\u00e0ncer de Mama a Lleal","datePublished":"2024-05-27T11:29:54+00:00","dateModified":"2024-08-01T12:00:02+00:00","mainEntityOfPage":{"@id":"https:\/\/www.lleal.com\/ca\/impuls-solidari-contra-el-cancer-de-mama-a-lleal\/"},"wordCount":361,"commentCount":0,"publisher":{"@id":"https:\/\/www.lleal.com\/ca\/#organization"},"image":{"@id":"https:\/\/www.lleal.com\/ca\/impuls-solidari-contra-el-cancer-de-mama-a-lleal\/#primaryimage"},"thumbnailUrl":"https:\/\/www.lleal.com\/wp-content\/uploads\/2024\/05\/contigo3-2024-2.webp","articleSection":["Noticies"],"inLanguage":"ca"},{"@type":"WebPage","@id":"https:\/\/www.lleal.com\/ca\/impuls-solidari-contra-el-cancer-de-mama-a-lleal\/","url":"https:\/\/www.lleal.com\/ca\/impuls-solidari-contra-el-cancer-de-mama-a-lleal\/","name":"Impuls Solidari Contra el C\u00e0ncer de Mama a Lleal - Lleal S.A.U.","isPartOf":{"@id":"https:\/\/www.lleal.com\/ca\/#website"},"primaryImageOfPage":{"@id":"https:\/\/www.lleal.com\/ca\/impuls-solidari-contra-el-cancer-de-mama-a-lleal\/#primaryimage"},"image":{"@id":"https:\/\/www.lleal.com\/ca\/impuls-solidari-contra-el-cancer-de-mama-a-lleal\/#primaryimage"},"thumbnailUrl":"https:\/\/www.lleal.com\/wp-content\/uploads\/2024\/05\/contigo3-2024-2.webp","datePublished":"2024-05-27T11:29:54+00:00","dateModified":"2024-08-01T12:00:02+00:00","description":"Descobreix com aquest sopar ben\u00e8fic a Mas de Sant Lle\u00ed va recaptar 57.400 euros per a la investigaci\u00f3 i suport en la lluita contra el c\u00e0ncer de mama.","breadcrumb":{"@id":"https:\/\/www.lleal.com\/ca\/impuls-solidari-contra-el-cancer-de-mama-a-lleal\/#breadcrumb"},"inLanguage":"ca","potentialAction":[{"@type":"ReadAction","target":["https:\/\/www.lleal.com\/ca\/impuls-solidari-contra-el-cancer-de-mama-a-lleal\/"]}]},{"@type":"ImageObject","inLanguage":"ca","@id":"https:\/\/www.lleal.com\/ca\/impuls-solidari-contra-el-cancer-de-mama-a-lleal\/#primaryimage","url":"https:\/\/www.lleal.com\/wp-content\/uploads\/2024\/05\/contigo3-2024-2.webp","contentUrl":"https:\/\/www.lleal.com\/wp-content\/uploads\/2024\/05\/contigo3-2024-2.webp","width":800,"height":800},{"@type":"BreadcrumbList","@id":"https:\/\/www.lleal.com\/ca\/impuls-solidari-contra-el-cancer-de-mama-a-lleal\/#breadcrumb","itemListElement":[{"@type":"ListItem","position":1,"name":"Portada","item":"https:\/\/www.lleal.com\/ca\/"},{"@type":"ListItem","position":2,"name":"Impuls Solidari Contra el C\u00e0ncer de Mama a Lleal"}]},{"@type":"WebSite","@id":"https:\/\/www.lleal.com\/ca\/#website","url":"https:\/\/www.lleal.com\/ca\/","name":"Lleal S.A.U.","description":"Experiencia e innovaci\u00f3n al servicio de la industria de proceso","publisher":{"@id":"https:\/\/www.lleal.com\/ca\/#organization"},"potentialAction":[{"@type":"SearchAction","target":{"@type":"EntryPoint","urlTemplate":"https:\/\/www.lleal.com\/ca\/?s={search_term_string}"},"query-input":{"@type":"PropertyValueSpecification","valueRequired":true,"valueName":"search_term_string"}}],"inLanguage":"ca"},{"@type":"Organization","@id":"https:\/\/www.lleal.com\/ca\/#organization","name":"Lleal S.A.U.","url":"https:\/\/www.lleal.com\/ca\/","logo":{"@type":"ImageObject","inLanguage":"ca","@id":"https:\/\/www.lleal.com\/ca\/#\/schema\/logo\/image\/","url":"https:\/\/www.lleal.com\/wp-content\/uploads\/2022\/07\/LOGO-LLEAL-BLACK-CLAIM-1.png","contentUrl":"https:\/\/www.lleal.com\/wp-content\/uploads\/2022\/07\/LOGO-LLEAL-BLACK-CLAIM-1.png","width":116,"height":70,"caption":"Lleal S.A.U."},"image":{"@id":"https:\/\/www.lleal.com\/ca\/#\/schema\/logo\/image\/"}},{"@type":"Person","@id":"https:\/\/www.lleal.com\/ca\/#\/schema\/person\/bd89023531ca06a70530fd34d4482329","name":"Lleal","image":{"@type":"ImageObject","inLanguage":"ca","@id":"https:\/\/secure.gravatar.com\/avatar\/624c429bed6b44fad6903c3db0dcba2ba620a36f26f7b13130ee781f7bd8330c?s=96&d=mm&r=g","url":"https:\/\/secure.gravatar.com\/avatar\/624c429bed6b44fad6903c3db0dcba2ba620a36f26f7b13130ee781f7bd8330c?s=96&d=mm&r=g","contentUrl":"https:\/\/secure.gravatar.com\/avatar\/624c429bed6b44fad6903c3db0dcba2ba620a36f26f7b13130ee781f7bd8330c?s=96&d=mm&r=g","caption":"Lleal"}}]}},"_links":{"self":[{"href":"https:\/\/www.lleal.com\/ca\/wp-json\/wp\/v2\/posts\/47201","targetHints":{"allow":["GET"]}}],"collection":[{"href":"https:\/\/www.lleal.com\/ca\/wp-json\/wp\/v2\/posts"}],"about":[{"href":"https:\/\/www.lleal.com\/ca\/wp-json\/wp\/v2\/types\/post"}],"author":[{"embeddable":true,"href":"https:\/\/www.lleal.com\/ca\/wp-json\/wp\/v2\/users\/4"}],"replies":[{"embeddable":true,"href":"https:\/\/www.lleal.com\/ca\/wp-json\/wp\/v2\/comments?post=47201"}],"version-history":[{"count":0,"href":"https:\/\/www.lleal.com\/ca\/wp-json\/wp\/v2\/posts\/47201\/revisions"}],"wp:featuredmedia":[{"embeddable":true,"href":"https:\/\/www.lleal.com\/ca\/wp-json\/wp\/v2\/media\/49273"}],"wp:attachment":[{"href":"https:\/\/www.lleal.com\/ca\/wp-json\/wp\/v2\/media?parent=47201"}],"wp:term":[{"taxonomy":"category","embeddable":true,"href":"https:\/\/www.lleal.com\/ca\/wp-json\/wp\/v2\/categories?post=47201"},{"taxonomy":"post_tag","embeddable":true,"href":"https:\/\/www.lleal.com\/ca\/wp-json\/wp\/v2\/tags?post=47201"}],"curies":[{"name":"wp","href":"https:\/\/api.w.org\/{rel}","templated":true}]}}