{"id":47199,"date":"2024-05-23T15:19:31","date_gmt":"2024-05-23T13:19:31","guid":{"rendered":"https:\/\/www.lleal.com\/?p=40770"},"modified":"2024-08-01T12:16:33","modified_gmt":"2024-08-01T10:16:33","slug":"celebrem-el-nostre-exit-a-la-nit-empresarial-dels-premis-uei","status":"publish","type":"post","link":"https:\/\/www.lleal.com\/ca\/celebrem-el-nostre-exit-a-la-nit-empresarial-dels-premis-uei\/","title":{"rendered":"Celebrem el nostre \u00e8xit a la Nit Empresarial dels Premis UEI."},"content":{"rendered":"<h3>Lleal Honra 150 Anys de Traject\u00f2ria Empresarial amb Innovaci\u00f3 i Comprom\u00eds<\/h3>\n<p> A Lleal, ens sentim profundament honorats de haver estat part d\u2019una vetllada tan especial, on es reconeix la feina dura i la dedicaci\u00f3 de les empreses destacades en el seu \u00e0mbit. Obtenir el premi pels nostres 150 anys de traject\u00f2ria empresarial \u00e9s un vertader privilegi que ens omple d\u2019orgull. Volem aprofitar aquesta oportunitat tamb\u00e9 per felicitar totes les empreses premiades per la seva dedicaci\u00f3 i \u00e8xits. Celebrem junts l\u2019\u00e8xit i la innovaci\u00f3 en el m\u00f3n empresarial!<br \/>Agra\u00efm profundament a la <a href=\"https:\/\/uei.cat\/?lang=es\" target=\"_blank\" rel=\"noopener\">Uni\u00f3 Empresarial<\/a> per organitzar un esdeveniment que va m\u00e9s enll\u00e0 de la mera entrega de premis. Aquesta nit \u00e9s un homenatge a valors fonamentals com la visibilitat positiva, la innovaci\u00f3, l\u2019esperit emprenedor i el comprom\u00eds amb l\u2019entorn. A m\u00e9s, fomenta la creaci\u00f3 d\u2019una comunitat empresarial s\u00f2lida i cohesionada, on l\u2019intercanvi d\u2019idees i la col\u00b7laboraci\u00f3 s\u00f3n pilars fonamentals per al progr\u00e9s conjunt.<br \/>L\u2019escenari triat per aquesta memorable ocasi\u00f3, el restaurant de Mas de Sant Llei, va afegir un toc de distinci\u00f3 i bellesa a la vetllada. En un entorn tan incomparable, es respirava una atmosfera de camaraderia i celebraci\u00f3, on cada moment es va convertir en un record imborrable.<br \/>A Lleal, la nostra participaci\u00f3 a la Nit Empresarial dels Premis UEI ens impulsa a seguir endavant amb encara m\u00e9s determinaci\u00f3 i entusiasme. Ens comprometem a continuar innovant, superant reptes i contribuint al creixement sostenible de la nostra comunitat empresarial.<br \/>Estenem el nostre m\u00e9s sincer agra\u00efment a tots els qui ens han recolzat en aquest viatge: clients, col\u00b7laboradors i amics. La seva confian\u00e7a en Lleal ens inspira a assolir nous objectius i a seguir sent un referent d\u2019excel\u00b7l\u00e8ncia i comprom\u00eds en el nostre sector.<br \/>Continuem construint junts un futur ple d\u2019\u00e8xits i oportunitats!<\/p>\n<p>              <iframe title=\"La Uni\u00f3 Empresarial premia els 150 anys de traject\u00f2ria professional de Lleal\" src=\"https:\/\/www.youtube.com\/embed\/gx5uxPzw5xg\" width=\"965\" height=\"546\" frameborder=\"0\" allowfullscreen=\"allowfullscreen\"><\/iframe><\/p>\n","protected":false},"excerpt":{"rendered":"<p>Lleal Honra 150 Anys de Traject\u00f2ria Empresarial amb Innovaci\u00f3 i Comprom\u00eds A Lleal, ens sentim profundament honorats de haver estat part d\u2019una vetllada tan especial, on es reconeix la feina dura i la dedicaci\u00f3 de les empreses destacades en el seu \u00e0mbit. Obtenir el premi pels nostres 150 anys de traject\u00f2ria empresarial \u00e9s un vertader [&hellip;]<\/p>\n","protected":false},"author":4,"featured_media":47213,"comment_status":"open","ping_status":"open","sticky":false,"template":"","format":"standard","meta":{"_acf_changed":false,"footnotes":""},"categories":[178],"tags":[],"class_list":["post-47199","post","type-post","status-publish","format-standard","has-post-thumbnail","hentry","category-noticies"],"acf":[],"yoast_head":"<!-- This site is optimized with the Yoast SEO Premium plugin v23.8 (Yoast SEO v27.4) - https:\/\/yoast.com\/product\/yoast-seo-premium-wordpress\/ -->\n<title>Celebrem el nostre \u00e8xit a la Nit Empresarial dels Premis UEI. - Lleal S.A.U.<\/title>\n<meta name=\"description\" content=\"Descubre c\u00f3mo Lleal celebra el \u00e9xito en la Noche Empresarial de los Premios UEI. Con 150 a\u00f1os de trayectoria, nos enorgullece nuestro compromiso con la innovaci\u00f3n y la excelencia empresarial. \u00danete a nosotros para brindar por un futuro lleno de \u00e9xitos y oportunidades.\" \/>\n<meta name=\"robots\" content=\"noindex, follow\" \/>\n<meta property=\"og:locale\" content=\"ca_ES\" \/>\n<meta property=\"og:type\" content=\"article\" \/>\n<meta property=\"og:title\" content=\"Celebrem el nostre \u00e8xit a la Nit Empresarial dels Premis UEI.\" \/>\n<meta property=\"og:description\" content=\"Descubre c\u00f3mo Lleal celebra el \u00e9xito en la Noche Empresarial de los Premios UEI. Con 150 a\u00f1os de trayectoria, nos enorgullece nuestro compromiso con la innovaci\u00f3n y la excelencia empresarial. \u00danete a nosotros para brindar por un futuro lleno de \u00e9xitos y oportunidades.\" \/>\n<meta property=\"og:url\" content=\"https:\/\/www.lleal.com\/ca\/celebrem-el-nostre-exit-a-la-nit-empresarial-dels-premis-uei\/\" \/>\n<meta property=\"og:site_name\" content=\"Lleal S.A.U.\" \/>\n<meta property=\"article:published_time\" content=\"2024-05-23T13:19:31+00:00\" \/>\n<meta property=\"article:modified_time\" content=\"2024-08-01T10:16:33+00:00\" \/>\n<meta property=\"og:image\" content=\"https:\/\/www.lleal.com\/wp-content\/uploads\/2024\/05\/JLC8265-mod-1.jpg\" \/>\n\t<meta property=\"og:image:width\" content=\"1200\" \/>\n\t<meta property=\"og:image:height\" content=\"800\" \/>\n\t<meta property=\"og:image:type\" content=\"image\/jpeg\" \/>\n<meta name=\"author\" content=\"Lleal\" \/>\n<meta name=\"twitter:card\" content=\"summary_large_image\" \/>\n<meta name=\"twitter:label1\" content=\"Escrit per\" \/>\n\t<meta name=\"twitter:data1\" content=\"Lleal\" \/>\n\t<meta name=\"twitter:label2\" content=\"Temps estimat de lectura\" \/>\n\t<meta name=\"twitter:data2\" content=\"2 minuts\" \/>\n<!-- \/ Yoast SEO Premium plugin. -->","yoast_head_json":{"title":"Celebrem el nostre \u00e8xit a la Nit Empresarial dels Premis UEI. - Lleal S.A.U.","description":"Descubre c\u00f3mo Lleal celebra el \u00e9xito en la Noche Empresarial de los Premios UEI. Con 150 a\u00f1os de trayectoria, nos enorgullece nuestro compromiso con la innovaci\u00f3n y la excelencia empresarial. \u00danete a nosotros para brindar por un futuro lleno de \u00e9xitos y oportunidades.","robots":{"index":"noindex","follow":"follow"},"og_locale":"ca_ES","og_type":"article","og_title":"Celebrem el nostre \u00e8xit a la Nit Empresarial dels Premis UEI.","og_description":"Descubre c\u00f3mo Lleal celebra el \u00e9xito en la Noche Empresarial de los Premios UEI. Con 150 a\u00f1os de trayectoria, nos enorgullece nuestro compromiso con la innovaci\u00f3n y la excelencia empresarial. \u00danete a nosotros para brindar por un futuro lleno de \u00e9xitos y oportunidades.","og_url":"https:\/\/www.lleal.com\/ca\/celebrem-el-nostre-exit-a-la-nit-empresarial-dels-premis-uei\/","og_site_name":"Lleal S.A.U.","article_published_time":"2024-05-23T13:19:31+00:00","article_modified_time":"2024-08-01T10:16:33+00:00","og_image":[{"width":1200,"height":800,"url":"https:\/\/www.lleal.com\/wp-content\/uploads\/2024\/05\/JLC8265-mod-1.jpg","type":"image\/jpeg"}],"author":"Lleal","twitter_card":"summary_large_image","twitter_misc":{"Escrit per":"Lleal","Temps estimat de lectura":"2 minuts"},"schema":{"@context":"https:\/\/schema.org","@graph":[{"@type":"Article","@id":"https:\/\/www.lleal.com\/ca\/celebrem-el-nostre-exit-a-la-nit-empresarial-dels-premis-uei\/#article","isPartOf":{"@id":"https:\/\/www.lleal.com\/ca\/celebrem-el-nostre-exit-a-la-nit-empresarial-dels-premis-uei\/"},"author":{"name":"Lleal","@id":"https:\/\/www.lleal.com\/ca\/#\/schema\/person\/bd89023531ca06a70530fd34d4482329"},"headline":"Celebrem el nostre \u00e8xit a la Nit Empresarial dels Premis UEI.","datePublished":"2024-05-23T13:19:31+00:00","dateModified":"2024-08-01T10:16:33+00:00","mainEntityOfPage":{"@id":"https:\/\/www.lleal.com\/ca\/celebrem-el-nostre-exit-a-la-nit-empresarial-dels-premis-uei\/"},"wordCount":332,"commentCount":0,"publisher":{"@id":"https:\/\/www.lleal.com\/ca\/#organization"},"image":{"@id":"https:\/\/www.lleal.com\/ca\/celebrem-el-nostre-exit-a-la-nit-empresarial-dels-premis-uei\/#primaryimage"},"thumbnailUrl":"https:\/\/www.lleal.com\/wp-content\/uploads\/2024\/05\/JLC8265-mod-1.jpg","articleSection":["Noticies"],"inLanguage":"ca"},{"@type":"WebPage","@id":"https:\/\/www.lleal.com\/ca\/celebrem-el-nostre-exit-a-la-nit-empresarial-dels-premis-uei\/","url":"https:\/\/www.lleal.com\/ca\/celebrem-el-nostre-exit-a-la-nit-empresarial-dels-premis-uei\/","name":"Celebrem el nostre \u00e8xit a la Nit Empresarial dels Premis UEI. - Lleal S.A.U.","isPartOf":{"@id":"https:\/\/www.lleal.com\/ca\/#website"},"primaryImageOfPage":{"@id":"https:\/\/www.lleal.com\/ca\/celebrem-el-nostre-exit-a-la-nit-empresarial-dels-premis-uei\/#primaryimage"},"image":{"@id":"https:\/\/www.lleal.com\/ca\/celebrem-el-nostre-exit-a-la-nit-empresarial-dels-premis-uei\/#primaryimage"},"thumbnailUrl":"https:\/\/www.lleal.com\/wp-content\/uploads\/2024\/05\/JLC8265-mod-1.jpg","datePublished":"2024-05-23T13:19:31+00:00","dateModified":"2024-08-01T10:16:33+00:00","description":"Descubre c\u00f3mo Lleal celebra el \u00e9xito en la Noche Empresarial de los Premios UEI. Con 150 a\u00f1os de trayectoria, nos enorgullece nuestro compromiso con la innovaci\u00f3n y la excelencia empresarial. \u00danete a nosotros para brindar por un futuro lleno de \u00e9xitos y oportunidades.","breadcrumb":{"@id":"https:\/\/www.lleal.com\/ca\/celebrem-el-nostre-exit-a-la-nit-empresarial-dels-premis-uei\/#breadcrumb"},"inLanguage":"ca","potentialAction":[{"@type":"ReadAction","target":["https:\/\/www.lleal.com\/ca\/celebrem-el-nostre-exit-a-la-nit-empresarial-dels-premis-uei\/"]}]},{"@type":"ImageObject","inLanguage":"ca","@id":"https:\/\/www.lleal.com\/ca\/celebrem-el-nostre-exit-a-la-nit-empresarial-dels-premis-uei\/#primaryimage","url":"https:\/\/www.lleal.com\/wp-content\/uploads\/2024\/05\/JLC8265-mod-1.jpg","contentUrl":"https:\/\/www.lleal.com\/wp-content\/uploads\/2024\/05\/JLC8265-mod-1.jpg","width":1200,"height":800,"caption":"Lliurament del guard\u00f3 en reconeixement als 150 anys de traject\u00f2ria empresarial"},{"@type":"BreadcrumbList","@id":"https:\/\/www.lleal.com\/ca\/celebrem-el-nostre-exit-a-la-nit-empresarial-dels-premis-uei\/#breadcrumb","itemListElement":[{"@type":"ListItem","position":1,"name":"Portada","item":"https:\/\/www.lleal.com\/ca\/"},{"@type":"ListItem","position":2,"name":"Celebrem el nostre \u00e8xit a la Nit Empresarial dels Premis UEI."}]},{"@type":"WebSite","@id":"https:\/\/www.lleal.com\/ca\/#website","url":"https:\/\/www.lleal.com\/ca\/","name":"Lleal S.A.U.","description":"Experiencia e innovaci\u00f3n al servicio de la industria de proceso","publisher":{"@id":"https:\/\/www.lleal.com\/ca\/#organization"},"potentialAction":[{"@type":"SearchAction","target":{"@type":"EntryPoint","urlTemplate":"https:\/\/www.lleal.com\/ca\/?s={search_term_string}"},"query-input":{"@type":"PropertyValueSpecification","valueRequired":true,"valueName":"search_term_string"}}],"inLanguage":"ca"},{"@type":"Organization","@id":"https:\/\/www.lleal.com\/ca\/#organization","name":"Lleal S.A.U.","url":"https:\/\/www.lleal.com\/ca\/","logo":{"@type":"ImageObject","inLanguage":"ca","@id":"https:\/\/www.lleal.com\/ca\/#\/schema\/logo\/image\/","url":"https:\/\/www.lleal.com\/wp-content\/uploads\/2022\/07\/LOGO-LLEAL-BLACK-CLAIM-1.png","contentUrl":"https:\/\/www.lleal.com\/wp-content\/uploads\/2022\/07\/LOGO-LLEAL-BLACK-CLAIM-1.png","width":116,"height":70,"caption":"Lleal S.A.U."},"image":{"@id":"https:\/\/www.lleal.com\/ca\/#\/schema\/logo\/image\/"}},{"@type":"Person","@id":"https:\/\/www.lleal.com\/ca\/#\/schema\/person\/bd89023531ca06a70530fd34d4482329","name":"Lleal","image":{"@type":"ImageObject","inLanguage":"ca","@id":"https:\/\/secure.gravatar.com\/avatar\/624c429bed6b44fad6903c3db0dcba2ba620a36f26f7b13130ee781f7bd8330c?s=96&d=mm&r=g","url":"https:\/\/secure.gravatar.com\/avatar\/624c429bed6b44fad6903c3db0dcba2ba620a36f26f7b13130ee781f7bd8330c?s=96&d=mm&r=g","contentUrl":"https:\/\/secure.gravatar.com\/avatar\/624c429bed6b44fad6903c3db0dcba2ba620a36f26f7b13130ee781f7bd8330c?s=96&d=mm&r=g","caption":"Lleal"}}]}},"_links":{"self":[{"href":"https:\/\/www.lleal.com\/ca\/wp-json\/wp\/v2\/posts\/47199","targetHints":{"allow":["GET"]}}],"collection":[{"href":"https:\/\/www.lleal.com\/ca\/wp-json\/wp\/v2\/posts"}],"about":[{"href":"https:\/\/www.lleal.com\/ca\/wp-json\/wp\/v2\/types\/post"}],"author":[{"embeddable":true,"href":"https:\/\/www.lleal.com\/ca\/wp-json\/wp\/v2\/users\/4"}],"replies":[{"embeddable":true,"href":"https:\/\/www.lleal.com\/ca\/wp-json\/wp\/v2\/comments?post=47199"}],"version-history":[{"count":0,"href":"https:\/\/www.lleal.com\/ca\/wp-json\/wp\/v2\/posts\/47199\/revisions"}],"wp:featuredmedia":[{"embeddable":true,"href":"https:\/\/www.lleal.com\/ca\/wp-json\/wp\/v2\/media\/47213"}],"wp:attachment":[{"href":"https:\/\/www.lleal.com\/ca\/wp-json\/wp\/v2\/media?parent=47199"}],"wp:term":[{"taxonomy":"category","embeddable":true,"href":"https:\/\/www.lleal.com\/ca\/wp-json\/wp\/v2\/categories?post=47199"},{"taxonomy":"post_tag","embeddable":true,"href":"https:\/\/www.lleal.com\/ca\/wp-json\/wp\/v2\/tags?post=47199"}],"curies":[{"name":"wp","href":"https:\/\/api.w.org\/{rel}","templated":true}]}}