{"id":40604,"date":"2023-12-22T14:07:21","date_gmt":"2023-12-22T13:07:21","guid":{"rendered":"https:\/\/www.lleal.com\/?p=40604"},"modified":"2023-12-22T14:07:21","modified_gmt":"2023-12-22T13:07:21","slug":"ja-es-nadal","status":"publish","type":"post","link":"https:\/\/www.lleal.com\/ca\/ja-es-nadal\/","title":{"rendered":"Ja \u00e9s Nadal!"},"content":{"rendered":"<p>Que r\u00e0pid passen els dies. 2023 s&#8217;acaba i donem la benvinguda a un nou any, amb l&#8217;esperan\u00e7a que ens ofereixi com a m\u00ednim els mateixos \u00e8xits que l&#8217;any anterior.<\/p>\n<p>Avui celebrem en fam\u00edlia El Nadal, el treball ben fet, la il\u00b7lusi\u00f3 de continuar creixent i la sort de tenir un gran equip de treballadors, clients i prove\u00efdors.<\/p>\n<p>Gr\u00e0cies a tots per continuar confiant en Lleal.<\/p>\n<p>Aprofitem l&#8217;ocasi\u00f3 per a recordar-vos que ens retirem uns dies per a descansar. Des del 23 de desembre fins a l&#8217;1 de gener estarem de vacances.<br \/>\nFins l&#8217;any vinent!!<\/p>\n<div style=\"width: 640px;\" class=\"wp-video\"><video class=\"wp-video-shortcode\" id=\"video-40604-1\" width=\"640\" height=\"480\" loop autoplay preload=\"metadata\" controls=\"controls\"><source type=\"video\/mp4\" src=\"https:\/\/www.lleal.com\/wp-content\/uploads\/2023\/12\/VID-20231222-WA0002.mp4?_=1\" \/><a href=\"https:\/\/www.lleal.com\/wp-content\/uploads\/2023\/12\/VID-20231222-WA0002.mp4\">https:\/\/www.lleal.com\/wp-content\/uploads\/2023\/12\/VID-20231222-WA0002.mp4<\/a><\/video><\/div>\n","protected":false},"excerpt":{"rendered":"<p>Que r\u00e0pid passen els dies. 2023 s&#8217;acaba i donem la benvinguda a un nou any, amb l&#8217;esperan\u00e7a que ens ofereixi com a m\u00ednim els mateixos \u00e8xits que l&#8217;any anterior. Avui celebrem en fam\u00edlia El Nadal, el treball ben fet, la il\u00b7lusi\u00f3 de continuar creixent i la sort de tenir un gran equip de treballadors, clients [&hellip;]<\/p>\n","protected":false},"author":3,"featured_media":40597,"comment_status":"open","ping_status":"open","sticky":false,"template":"","format":"standard","meta":{"_acf_changed":false,"footnotes":""},"categories":[178],"tags":[],"class_list":["post-40604","post","type-post","status-publish","format-standard","has-post-thumbnail","hentry","category-noticies"],"acf":[],"yoast_head":"<!-- This site is optimized with the Yoast SEO Premium plugin v23.8 (Yoast SEO v27.4) - https:\/\/yoast.com\/product\/yoast-seo-premium-wordpress\/ -->\n<title>Ja \u00e9s Nadal! - Lleal S.A.U.<\/title>\n<meta name=\"robots\" content=\"noindex, follow\" \/>\n<meta property=\"og:locale\" content=\"ca_ES\" \/>\n<meta property=\"og:type\" content=\"article\" \/>\n<meta property=\"og:title\" content=\"Ja \u00e9s Nadal!\" \/>\n<meta property=\"og:description\" content=\"Que r\u00e0pid passen els dies. 2023 s&#8217;acaba i donem la benvinguda a un nou any, amb l&#8217;esperan\u00e7a que ens ofereixi com a m\u00ednim els mateixos \u00e8xits que l&#8217;any anterior. Avui celebrem en fam\u00edlia El Nadal, el treball ben fet, la il\u00b7lusi\u00f3 de continuar creixent i la sort de tenir un gran equip de treballadors, clients [&hellip;]\" \/>\n<meta property=\"og:url\" content=\"https:\/\/www.lleal.com\/ca\/ja-es-nadal\/\" \/>\n<meta property=\"og:site_name\" content=\"Lleal S.A.U.\" \/>\n<meta property=\"article:published_time\" content=\"2023-12-22T13:07:21+00:00\" \/>\n<meta property=\"og:image\" content=\"https:\/\/www.lleal.com\/wp-content\/uploads\/2023\/12\/Ya-es-Navidad.jpg\" \/>\n\t<meta property=\"og:image:width\" content=\"1215\" \/>\n\t<meta property=\"og:image:height\" content=\"1215\" \/>\n\t<meta property=\"og:image:type\" content=\"image\/jpeg\" \/>\n<meta name=\"author\" content=\"Emi\" \/>\n<meta name=\"twitter:card\" content=\"summary_large_image\" \/>\n<meta name=\"twitter:label1\" content=\"Escrit per\" \/>\n\t<meta name=\"twitter:data1\" content=\"Emi\" \/>\n\t<meta name=\"twitter:label2\" content=\"Temps estimat de lectura\" \/>\n\t<meta name=\"twitter:data2\" content=\"1 minut\" \/>\n<!-- \/ Yoast SEO Premium plugin. -->","yoast_head_json":{"title":"Ja \u00e9s Nadal! - Lleal S.A.U.","robots":{"index":"noindex","follow":"follow"},"og_locale":"ca_ES","og_type":"article","og_title":"Ja \u00e9s Nadal!","og_description":"Que r\u00e0pid passen els dies. 2023 s&#8217;acaba i donem la benvinguda a un nou any, amb l&#8217;esperan\u00e7a que ens ofereixi com a m\u00ednim els mateixos \u00e8xits que l&#8217;any anterior. Avui celebrem en fam\u00edlia El Nadal, el treball ben fet, la il\u00b7lusi\u00f3 de continuar creixent i la sort de tenir un gran equip de treballadors, clients [&hellip;]","og_url":"https:\/\/www.lleal.com\/ca\/ja-es-nadal\/","og_site_name":"Lleal S.A.U.","article_published_time":"2023-12-22T13:07:21+00:00","og_image":[{"width":1215,"height":1215,"url":"https:\/\/www.lleal.com\/wp-content\/uploads\/2023\/12\/Ya-es-Navidad.jpg","type":"image\/jpeg"}],"author":"Emi","twitter_card":"summary_large_image","twitter_misc":{"Escrit per":"Emi","Temps estimat de lectura":"1 minut"},"schema":{"@context":"https:\/\/schema.org","@graph":[{"@type":"Article","@id":"https:\/\/www.lleal.com\/ca\/ja-es-nadal\/#article","isPartOf":{"@id":"https:\/\/www.lleal.com\/ca\/ja-es-nadal\/"},"author":{"name":"Emi","@id":"https:\/\/www.lleal.com\/ca\/#\/schema\/person\/961af9dee851257c7f77d8235e0018c0"},"headline":"Ja \u00e9s Nadal!","datePublished":"2023-12-22T13:07:21+00:00","mainEntityOfPage":{"@id":"https:\/\/www.lleal.com\/ca\/ja-es-nadal\/"},"wordCount":125,"commentCount":0,"publisher":{"@id":"https:\/\/www.lleal.com\/ca\/#organization"},"image":{"@id":"https:\/\/www.lleal.com\/ca\/ja-es-nadal\/#primaryimage"},"thumbnailUrl":"https:\/\/www.lleal.com\/wp-content\/uploads\/2023\/12\/Ya-es-Navidad.jpg","articleSection":["Noticies"],"inLanguage":"ca"},{"@type":"WebPage","@id":"https:\/\/www.lleal.com\/ca\/ja-es-nadal\/","url":"https:\/\/www.lleal.com\/ca\/ja-es-nadal\/","name":"Ja \u00e9s Nadal! - Lleal S.A.U.","isPartOf":{"@id":"https:\/\/www.lleal.com\/ca\/#website"},"primaryImageOfPage":{"@id":"https:\/\/www.lleal.com\/ca\/ja-es-nadal\/#primaryimage"},"image":{"@id":"https:\/\/www.lleal.com\/ca\/ja-es-nadal\/#primaryimage"},"thumbnailUrl":"https:\/\/www.lleal.com\/wp-content\/uploads\/2023\/12\/Ya-es-Navidad.jpg","datePublished":"2023-12-22T13:07:21+00:00","breadcrumb":{"@id":"https:\/\/www.lleal.com\/ca\/ja-es-nadal\/#breadcrumb"},"inLanguage":"ca","potentialAction":[{"@type":"ReadAction","target":["https:\/\/www.lleal.com\/ca\/ja-es-nadal\/"]}]},{"@type":"ImageObject","inLanguage":"ca","@id":"https:\/\/www.lleal.com\/ca\/ja-es-nadal\/#primaryimage","url":"https:\/\/www.lleal.com\/wp-content\/uploads\/2023\/12\/Ya-es-Navidad.jpg","contentUrl":"https:\/\/www.lleal.com\/wp-content\/uploads\/2023\/12\/Ya-es-Navidad.jpg","width":1215,"height":1215},{"@type":"BreadcrumbList","@id":"https:\/\/www.lleal.com\/ca\/ja-es-nadal\/#breadcrumb","itemListElement":[{"@type":"ListItem","position":1,"name":"Portada","item":"https:\/\/www.lleal.com\/ca\/"},{"@type":"ListItem","position":2,"name":"Ja \u00e9s Nadal!"}]},{"@type":"WebSite","@id":"https:\/\/www.lleal.com\/ca\/#website","url":"https:\/\/www.lleal.com\/ca\/","name":"Lleal S.A.U.","description":"Experiencia e innovaci\u00f3n al servicio de la industria de proceso","publisher":{"@id":"https:\/\/www.lleal.com\/ca\/#organization"},"potentialAction":[{"@type":"SearchAction","target":{"@type":"EntryPoint","urlTemplate":"https:\/\/www.lleal.com\/ca\/?s={search_term_string}"},"query-input":{"@type":"PropertyValueSpecification","valueRequired":true,"valueName":"search_term_string"}}],"inLanguage":"ca"},{"@type":"Organization","@id":"https:\/\/www.lleal.com\/ca\/#organization","name":"Lleal S.A.U.","url":"https:\/\/www.lleal.com\/ca\/","logo":{"@type":"ImageObject","inLanguage":"ca","@id":"https:\/\/www.lleal.com\/ca\/#\/schema\/logo\/image\/","url":"https:\/\/www.lleal.com\/wp-content\/uploads\/2022\/07\/LOGO-LLEAL-BLACK-CLAIM-1.png","contentUrl":"https:\/\/www.lleal.com\/wp-content\/uploads\/2022\/07\/LOGO-LLEAL-BLACK-CLAIM-1.png","width":116,"height":70,"caption":"Lleal S.A.U."},"image":{"@id":"https:\/\/www.lleal.com\/ca\/#\/schema\/logo\/image\/"}},{"@type":"Person","@id":"https:\/\/www.lleal.com\/ca\/#\/schema\/person\/961af9dee851257c7f77d8235e0018c0","name":"Emi","image":{"@type":"ImageObject","inLanguage":"ca","@id":"https:\/\/secure.gravatar.com\/avatar\/d003a4668b5273301767e94969a212ad8dafc02f2d764a1bd5500ebcea768716?s=96&d=mm&r=g","url":"https:\/\/secure.gravatar.com\/avatar\/d003a4668b5273301767e94969a212ad8dafc02f2d764a1bd5500ebcea768716?s=96&d=mm&r=g","contentUrl":"https:\/\/secure.gravatar.com\/avatar\/d003a4668b5273301767e94969a212ad8dafc02f2d764a1bd5500ebcea768716?s=96&d=mm&r=g","caption":"Emi"}}]}},"_links":{"self":[{"href":"https:\/\/www.lleal.com\/ca\/wp-json\/wp\/v2\/posts\/40604","targetHints":{"allow":["GET"]}}],"collection":[{"href":"https:\/\/www.lleal.com\/ca\/wp-json\/wp\/v2\/posts"}],"about":[{"href":"https:\/\/www.lleal.com\/ca\/wp-json\/wp\/v2\/types\/post"}],"author":[{"embeddable":true,"href":"https:\/\/www.lleal.com\/ca\/wp-json\/wp\/v2\/users\/3"}],"replies":[{"embeddable":true,"href":"https:\/\/www.lleal.com\/ca\/wp-json\/wp\/v2\/comments?post=40604"}],"version-history":[{"count":0,"href":"https:\/\/www.lleal.com\/ca\/wp-json\/wp\/v2\/posts\/40604\/revisions"}],"wp:featuredmedia":[{"embeddable":true,"href":"https:\/\/www.lleal.com\/ca\/wp-json\/wp\/v2\/media\/40597"}],"wp:attachment":[{"href":"https:\/\/www.lleal.com\/ca\/wp-json\/wp\/v2\/media?parent=40604"}],"wp:term":[{"taxonomy":"category","embeddable":true,"href":"https:\/\/www.lleal.com\/ca\/wp-json\/wp\/v2\/categories?post=40604"},{"taxonomy":"post_tag","embeddable":true,"href":"https:\/\/www.lleal.com\/ca\/wp-json\/wp\/v2\/tags?post=40604"}],"curies":[{"name":"wp","href":"https:\/\/api.w.org\/{rel}","templated":true}]}}