{"id":40377,"date":"2023-07-07T14:11:36","date_gmt":"2023-07-07T12:11:36","guid":{"rendered":"https:\/\/www.lleal.com\/?p=40377"},"modified":"2023-07-07T14:11:36","modified_gmt":"2023-07-07T12:11:36","slug":"les-treballadores-de-lleal-ens-sumem-a-la-lluita-contra-el-cancer-de-mama","status":"publish","type":"post","link":"https:\/\/www.lleal.com\/ca\/les-treballadores-de-lleal-ens-sumem-a-la-lluita-contra-el-cancer-de-mama\/","title":{"rendered":"Les treballadores de Lleal ens sumem a la lluita contra el c\u00e0ncer de mama"},"content":{"rendered":"<h3>Sopar Amb tu 23 recapta 56.000 \u20ac per a la recerca del c\u00e0ncer de mama<\/h3>\n<p><strong>Granollers, 7 de juliol de 2023<\/strong>. Ahir les treballadores de Lleal ens vam sumar a una gran causa: la recaptaci\u00f3 de fons per a la recerca contra el c\u00e0ncer de mama, que organitza la <a href=\"https:\/\/&lt;a href=\">&#8220;Fundaci\u00f3n Contigo&#8221;<\/a>.<\/p>\n<p>Convidades per l&#8217;empresa de la qual, amb orgull, formem part, per a totes nosaltres va ser un plaer poder compartir una nit tan especial en la qual s&#8217;uneixen multitud de particulars i empreses per a aportar el seu granet de sorra a la recerca d&#8217;una malaltia que afecta cada any a 1 de cada 7 dones a Espanya.<\/p>\n<p>En tan sols cuatros anys de vida, ja s\u00f3n palpables els assoliments aconseguits per la Fundaci\u00f3 Amb tu: con\u00e8ixer el comportament gen\u00e8tic d&#8217;una de les variants m\u00e9s agressives del c\u00e0ncer de mama l&#8217;HER2-POSITIU i abordar-lo amb un nou f\u00e0rmac que frena la progressi\u00f3 de la malaltia i augmenta les possibilitats de cronificarla.<\/p>\n<p>En la cinquena edici\u00f3 del Sopar Amb tu, s&#8217;han aconseguit recaptar gaireb\u00e9 57.000 \u20ac que es destinessin, com sempre, als nombrosos projectes de recerca que la fundaci\u00f3 t\u00e9 en marxa i que beneficiaran a pacients actuals i futures. Recerques liderades per un dels onc\u00f2legs m\u00e9s prestigiosos a nivell mundial i \u00e0nima d&#8217;aquesta fundaci\u00f3, el doctor Javier Cort\u00e9s Cast\u00e1n.<\/p>\n<p>Com a treballadores volem agrair a Lleal fer-nos part\u00edcips d&#8217;una causa amb la qual l&#8217;empresa porta compromesa des dels inicis de la Fundaci\u00f3 Amb tu. Una nit m\u00e0gica, plena de somriures que dediquem a totes les que dones que pateixen, van patir o patiran c\u00e0ncer de mama.<\/p>\n<p>Lleal, compartint moments.<\/p>\n<p>[rl_gallery id=&#8221;40394&#8243;]<\/p>\n","protected":false},"excerpt":{"rendered":"<p>Sopar Amb tu 23 recapta 56.000 \u20ac per a la recerca del c\u00e0ncer de mama Granollers, 7 de juliol de 2023. Ahir les treballadores de Lleal ens vam sumar a una gran causa: la recaptaci\u00f3 de fons per a la recerca contra el c\u00e0ncer de mama, que organitza la &#8220;Fundaci\u00f3n Contigo&#8221;. Convidades per l&#8217;empresa de [&hellip;]<\/p>\n","protected":false},"author":3,"featured_media":40352,"comment_status":"open","ping_status":"open","sticky":false,"template":"","format":"standard","meta":{"_acf_changed":false,"footnotes":""},"categories":[178],"tags":[],"class_list":["post-40377","post","type-post","status-publish","format-standard","has-post-thumbnail","hentry","category-noticies"],"acf":[],"yoast_head":"<!-- This site is optimized with the Yoast SEO Premium plugin v23.8 (Yoast SEO v27.4) - https:\/\/yoast.com\/product\/yoast-seo-premium-wordpress\/ -->\n<title>Les treballadores de Lleal ens sumem a la lluita contra el c\u00e0ncer de mama - Lleal S.A.U.<\/title>\n<meta name=\"robots\" content=\"noindex, follow\" \/>\n<meta property=\"og:locale\" content=\"ca_ES\" \/>\n<meta property=\"og:type\" content=\"article\" \/>\n<meta property=\"og:title\" content=\"Les treballadores de Lleal ens sumem a la lluita contra el c\u00e0ncer de mama\" \/>\n<meta property=\"og:description\" content=\"Sopar Amb tu 23 recapta 56.000 \u20ac per a la recerca del c\u00e0ncer de mama Granollers, 7 de juliol de 2023. Ahir les treballadores de Lleal ens vam sumar a una gran causa: la recaptaci\u00f3 de fons per a la recerca contra el c\u00e0ncer de mama, que organitza la &#8220;Fundaci\u00f3n Contigo&#8221;. Convidades per l&#8217;empresa de [&hellip;]\" \/>\n<meta property=\"og:url\" content=\"https:\/\/www.lleal.com\/ca\/les-treballadores-de-lleal-ens-sumem-a-la-lluita-contra-el-cancer-de-mama\/\" \/>\n<meta property=\"og:site_name\" content=\"Lleal S.A.U.\" \/>\n<meta property=\"article:published_time\" content=\"2023-07-07T12:11:36+00:00\" \/>\n<meta property=\"og:image\" content=\"https:\/\/www.lleal.com\/wp-content\/uploads\/2023\/07\/1688730632936_mod.jpg\" \/>\n\t<meta property=\"og:image:width\" content=\"1200\" \/>\n\t<meta property=\"og:image:height\" content=\"1200\" \/>\n\t<meta property=\"og:image:type\" content=\"image\/jpeg\" \/>\n<meta name=\"author\" content=\"Emi\" \/>\n<meta name=\"twitter:card\" content=\"summary_large_image\" \/>\n<meta name=\"twitter:label1\" content=\"Escrit per\" \/>\n\t<meta name=\"twitter:data1\" content=\"Emi\" \/>\n\t<meta name=\"twitter:label2\" content=\"Temps estimat de lectura\" \/>\n\t<meta name=\"twitter:data2\" content=\"2 minuts\" \/>\n<!-- \/ Yoast SEO Premium plugin. -->","yoast_head_json":{"title":"Les treballadores de Lleal ens sumem a la lluita contra el c\u00e0ncer de mama - Lleal S.A.U.","robots":{"index":"noindex","follow":"follow"},"og_locale":"ca_ES","og_type":"article","og_title":"Les treballadores de Lleal ens sumem a la lluita contra el c\u00e0ncer de mama","og_description":"Sopar Amb tu 23 recapta 56.000 \u20ac per a la recerca del c\u00e0ncer de mama Granollers, 7 de juliol de 2023. Ahir les treballadores de Lleal ens vam sumar a una gran causa: la recaptaci\u00f3 de fons per a la recerca contra el c\u00e0ncer de mama, que organitza la &#8220;Fundaci\u00f3n Contigo&#8221;. Convidades per l&#8217;empresa de [&hellip;]","og_url":"https:\/\/www.lleal.com\/ca\/les-treballadores-de-lleal-ens-sumem-a-la-lluita-contra-el-cancer-de-mama\/","og_site_name":"Lleal S.A.U.","article_published_time":"2023-07-07T12:11:36+00:00","og_image":[{"width":1200,"height":1200,"url":"https:\/\/www.lleal.com\/wp-content\/uploads\/2023\/07\/1688730632936_mod.jpg","type":"image\/jpeg"}],"author":"Emi","twitter_card":"summary_large_image","twitter_misc":{"Escrit per":"Emi","Temps estimat de lectura":"2 minuts"},"schema":{"@context":"https:\/\/schema.org","@graph":[{"@type":"Article","@id":"https:\/\/www.lleal.com\/ca\/les-treballadores-de-lleal-ens-sumem-a-la-lluita-contra-el-cancer-de-mama\/#article","isPartOf":{"@id":"https:\/\/www.lleal.com\/ca\/les-treballadores-de-lleal-ens-sumem-a-la-lluita-contra-el-cancer-de-mama\/"},"author":{"name":"Emi","@id":"https:\/\/www.lleal.com\/ca\/#\/schema\/person\/961af9dee851257c7f77d8235e0018c0"},"headline":"Les treballadores de Lleal ens sumem a la lluita contra el c\u00e0ncer de mama","datePublished":"2023-07-07T12:11:36+00:00","mainEntityOfPage":{"@id":"https:\/\/www.lleal.com\/ca\/les-treballadores-de-lleal-ens-sumem-a-la-lluita-contra-el-cancer-de-mama\/"},"wordCount":304,"commentCount":0,"publisher":{"@id":"https:\/\/www.lleal.com\/ca\/#organization"},"image":{"@id":"https:\/\/www.lleal.com\/ca\/les-treballadores-de-lleal-ens-sumem-a-la-lluita-contra-el-cancer-de-mama\/#primaryimage"},"thumbnailUrl":"https:\/\/www.lleal.com\/wp-content\/uploads\/2023\/07\/1688730632936_mod.jpg","articleSection":["Noticies"],"inLanguage":"ca"},{"@type":"WebPage","@id":"https:\/\/www.lleal.com\/ca\/les-treballadores-de-lleal-ens-sumem-a-la-lluita-contra-el-cancer-de-mama\/","url":"https:\/\/www.lleal.com\/ca\/les-treballadores-de-lleal-ens-sumem-a-la-lluita-contra-el-cancer-de-mama\/","name":"Les treballadores de Lleal ens sumem a la lluita contra el c\u00e0ncer de mama - Lleal S.A.U.","isPartOf":{"@id":"https:\/\/www.lleal.com\/ca\/#website"},"primaryImageOfPage":{"@id":"https:\/\/www.lleal.com\/ca\/les-treballadores-de-lleal-ens-sumem-a-la-lluita-contra-el-cancer-de-mama\/#primaryimage"},"image":{"@id":"https:\/\/www.lleal.com\/ca\/les-treballadores-de-lleal-ens-sumem-a-la-lluita-contra-el-cancer-de-mama\/#primaryimage"},"thumbnailUrl":"https:\/\/www.lleal.com\/wp-content\/uploads\/2023\/07\/1688730632936_mod.jpg","datePublished":"2023-07-07T12:11:36+00:00","breadcrumb":{"@id":"https:\/\/www.lleal.com\/ca\/les-treballadores-de-lleal-ens-sumem-a-la-lluita-contra-el-cancer-de-mama\/#breadcrumb"},"inLanguage":"ca","potentialAction":[{"@type":"ReadAction","target":["https:\/\/www.lleal.com\/ca\/les-treballadores-de-lleal-ens-sumem-a-la-lluita-contra-el-cancer-de-mama\/"]}]},{"@type":"ImageObject","inLanguage":"ca","@id":"https:\/\/www.lleal.com\/ca\/les-treballadores-de-lleal-ens-sumem-a-la-lluita-contra-el-cancer-de-mama\/#primaryimage","url":"https:\/\/www.lleal.com\/wp-content\/uploads\/2023\/07\/1688730632936_mod.jpg","contentUrl":"https:\/\/www.lleal.com\/wp-content\/uploads\/2023\/07\/1688730632936_mod.jpg","width":1200,"height":1200},{"@type":"BreadcrumbList","@id":"https:\/\/www.lleal.com\/ca\/les-treballadores-de-lleal-ens-sumem-a-la-lluita-contra-el-cancer-de-mama\/#breadcrumb","itemListElement":[{"@type":"ListItem","position":1,"name":"Portada","item":"https:\/\/www.lleal.com\/ca\/"},{"@type":"ListItem","position":2,"name":"Les treballadores de Lleal ens sumem a la lluita contra el c\u00e0ncer de mama"}]},{"@type":"WebSite","@id":"https:\/\/www.lleal.com\/ca\/#website","url":"https:\/\/www.lleal.com\/ca\/","name":"Lleal S.A.U.","description":"Experiencia e innovaci\u00f3n al servicio de la industria de proceso","publisher":{"@id":"https:\/\/www.lleal.com\/ca\/#organization"},"potentialAction":[{"@type":"SearchAction","target":{"@type":"EntryPoint","urlTemplate":"https:\/\/www.lleal.com\/ca\/?s={search_term_string}"},"query-input":{"@type":"PropertyValueSpecification","valueRequired":true,"valueName":"search_term_string"}}],"inLanguage":"ca"},{"@type":"Organization","@id":"https:\/\/www.lleal.com\/ca\/#organization","name":"Lleal S.A.U.","url":"https:\/\/www.lleal.com\/ca\/","logo":{"@type":"ImageObject","inLanguage":"ca","@id":"https:\/\/www.lleal.com\/ca\/#\/schema\/logo\/image\/","url":"https:\/\/www.lleal.com\/wp-content\/uploads\/2022\/07\/LOGO-LLEAL-BLACK-CLAIM-1.png","contentUrl":"https:\/\/www.lleal.com\/wp-content\/uploads\/2022\/07\/LOGO-LLEAL-BLACK-CLAIM-1.png","width":116,"height":70,"caption":"Lleal S.A.U."},"image":{"@id":"https:\/\/www.lleal.com\/ca\/#\/schema\/logo\/image\/"}},{"@type":"Person","@id":"https:\/\/www.lleal.com\/ca\/#\/schema\/person\/961af9dee851257c7f77d8235e0018c0","name":"Emi","image":{"@type":"ImageObject","inLanguage":"ca","@id":"https:\/\/secure.gravatar.com\/avatar\/d003a4668b5273301767e94969a212ad8dafc02f2d764a1bd5500ebcea768716?s=96&d=mm&r=g","url":"https:\/\/secure.gravatar.com\/avatar\/d003a4668b5273301767e94969a212ad8dafc02f2d764a1bd5500ebcea768716?s=96&d=mm&r=g","contentUrl":"https:\/\/secure.gravatar.com\/avatar\/d003a4668b5273301767e94969a212ad8dafc02f2d764a1bd5500ebcea768716?s=96&d=mm&r=g","caption":"Emi"}}]}},"_links":{"self":[{"href":"https:\/\/www.lleal.com\/ca\/wp-json\/wp\/v2\/posts\/40377","targetHints":{"allow":["GET"]}}],"collection":[{"href":"https:\/\/www.lleal.com\/ca\/wp-json\/wp\/v2\/posts"}],"about":[{"href":"https:\/\/www.lleal.com\/ca\/wp-json\/wp\/v2\/types\/post"}],"author":[{"embeddable":true,"href":"https:\/\/www.lleal.com\/ca\/wp-json\/wp\/v2\/users\/3"}],"replies":[{"embeddable":true,"href":"https:\/\/www.lleal.com\/ca\/wp-json\/wp\/v2\/comments?post=40377"}],"version-history":[{"count":0,"href":"https:\/\/www.lleal.com\/ca\/wp-json\/wp\/v2\/posts\/40377\/revisions"}],"wp:featuredmedia":[{"embeddable":true,"href":"https:\/\/www.lleal.com\/ca\/wp-json\/wp\/v2\/media\/40352"}],"wp:attachment":[{"href":"https:\/\/www.lleal.com\/ca\/wp-json\/wp\/v2\/media?parent=40377"}],"wp:term":[{"taxonomy":"category","embeddable":true,"href":"https:\/\/www.lleal.com\/ca\/wp-json\/wp\/v2\/categories?post=40377"},{"taxonomy":"post_tag","embeddable":true,"href":"https:\/\/www.lleal.com\/ca\/wp-json\/wp\/v2\/tags?post=40377"}],"curies":[{"name":"wp","href":"https:\/\/api.w.org\/{rel}","templated":true}]}}