{"id":40014,"date":"2023-03-01T15:03:19","date_gmt":"2023-03-01T14:03:19","guid":{"rendered":"https:\/\/www.lleal.com\/?p=40014"},"modified":"2023-03-01T15:03:19","modified_gmt":"2023-03-01T14:03:19","slug":"lleal-aposta-pel-medi-ambient-amb-instal%c2%b7lacio-fotovoltaica","status":"publish","type":"post","link":"https:\/\/www.lleal.com\/ca\/lleal-aposta-pel-medi-ambient-amb-instal%c2%b7lacio-fotovoltaica\/","title":{"rendered":"Lleal continua amb la seva aposta pel Medi Ambient i la millora en Qualitat"},"content":{"rendered":"<h3><strong>Finalitzem el projecte d\u2019instal\u00b7laci\u00f3 fotovoltaica que ens ha fet autosuficients<\/strong><\/h3>\n<p><strong>Granollers, 1 de mar\u00e7 de 2023<\/strong>. L\u2019any 2008 LLeal, com a part de la seva pol\u00edtica de Qualitat i Gesti\u00f3 Ambiental, va iniciar un ambici\u00f3s proc\u00e9s per implantar la tecnologia fotovoltaica a la seva planta de Granollers i reduir progressivament el seu impacte al Medi Ambient. Un projecte que just ara hem finalitzat:<\/p>\n<p>&#8211; <strong>Any 2008:<\/strong> dues primeres plantes de <strong>100 kW<\/strong><br \/>\n&#8211; <strong>Any<\/strong> <strong>2010:<\/strong> s\u2019afegeix una planta de 100 kW<br \/>\n&#8211; <strong>Any<\/strong> <strong>202:1<\/strong> ampliaci\u00f3 amb una instal\u00b7laci\u00f3 de <strong>100 kW<\/strong><br \/>\n&#8211; <strong>Any<\/strong> <strong>2021:<\/strong> ampliaci\u00f3 amb una instal\u00b7laci\u00f3 de <strong>100 kW<\/strong><br \/>\n&#8211; I finalment <strong>any<\/strong> <strong>2023<\/strong> una darrera instal\u00b7laci\u00f3 de <strong>100 kW<\/strong> amb marquesines al p\u00e0rquing.<\/p>\n<p>Un total de 550 kW de pot\u00e8ncia instal\u00b7lada que ens permet dir que som una de les primeres empreses amb una generaci\u00f3 d\u2019energia el\u00e8ctrica renovable superior a la energia consumida de xarxa, el que \u00e9s equivalent a una Petjada de Carboni neutre.<\/p>\n<figure id=\"attachment_39970\" aria-describedby=\"caption-attachment-39970\" style=\"width: 300px\" class=\"wp-caption aligncenter\"><img fetchpriority=\"high\" decoding=\"async\" class=\"wp-image-39970 size-medium\" src=\"https:\/\/www.lleal.com\/wp-content\/uploads\/2023\/03\/IMG_9066_red-300x200.jpg\" alt=\"Vista de una estaci\u00f3n de carga para veh\u00edculos el\u00e9ctricos instalada en parking.\" width=\"300\" height=\"200\" srcset=\"https:\/\/www.lleal.com\/wp-content\/uploads\/2023\/03\/IMG_9066_red-300x200.jpg 300w, https:\/\/www.lleal.com\/wp-content\/uploads\/2023\/03\/IMG_9066_red-1024x683.jpg 1024w, https:\/\/www.lleal.com\/wp-content\/uploads\/2023\/03\/IMG_9066_red-768x512.jpg 768w, https:\/\/www.lleal.com\/wp-content\/uploads\/2023\/03\/IMG_9066_red.jpg 1200w\" sizes=\"(max-width: 300px) 100vw, 300px\" \/><figcaption id=\"caption-attachment-39970\" class=\"wp-caption-text\">Vista d&#8217;una estaci\u00f3 de c\u00e0rrega per a vehicles el\u00e8ctrics instal\u00b7lada en p\u00e0rquing.<\/figcaption><\/figure>\n<p>Les noves plaques solars s\u2019han instal\u00b7lat sobre unes marquesines situades al llarg de l&#8217;aparcament i on a m\u00e9s s&#8217;han incorporaat 6 estacions de c\u00e0rrega per a vehicles el\u00e8ctrics, que ens permeten proveir tant a la nostra flota d&#8217;autom\u00f2bils, com tamb\u00e9 als dels nostres treballadors i clients.<\/p>\n<p>Amb aquesta i altres accions, Lleal continua treballant per reduir la generaci\u00f3 de residus, minimitzant al m\u00e0xim l&#8217;impacte ambiental del seu sistema productiu.<\/p>\n<p>Amb tu, invertint per un futur millor.<\/p>\n<p style=\"text-align: center;\"><iframe src=\"https:\/\/www.youtube.com\/embed\/skZ5y9FQEWk?rel=0\" width=\"390\" height=\"285\" frameborder=\"0\" allowfullscreen=\"allowfullscreen\"><span data-mce-type=\"bookmark\" style=\"display: inline-block; width: 0px; overflow: hidden; line-height: 0;\" class=\"mce_SELRES_start\">\ufeff<\/span><\/iframe><\/p>\n<p>&nbsp;<\/p>\n","protected":false},"excerpt":{"rendered":"<p>Finalitzem el projecte d\u2019instal\u00b7laci\u00f3 fotovoltaica que ens ha fet autosuficients Granollers, 1 de mar\u00e7 de 2023. L\u2019any 2008 LLeal, com a part de la seva pol\u00edtica de Qualitat i Gesti\u00f3 Ambiental, va iniciar un ambici\u00f3s proc\u00e9s per implantar la tecnologia fotovoltaica a la seva planta de Granollers i reduir progressivament el seu impacte al Medi [&hellip;]<\/p>\n","protected":false},"author":3,"featured_media":39976,"comment_status":"open","ping_status":"open","sticky":false,"template":"","format":"standard","meta":{"_acf_changed":false,"footnotes":""},"categories":[178],"tags":[],"class_list":["post-40014","post","type-post","status-publish","format-standard","has-post-thumbnail","hentry","category-noticies"],"acf":[],"yoast_head":"<!-- This site is optimized with the Yoast SEO Premium plugin v23.8 (Yoast SEO v27.5) - https:\/\/yoast.com\/product\/yoast-seo-premium-wordpress\/ -->\n<title>Lleal aposta pel Medi Ambient amb instal\u00b7laci\u00f3 fotovoltaica<\/title>\n<meta name=\"description\" content=\"Lleal continua amb la seva aposta pel Medi Ambient. Finalitzem el projecte d&#039;instal\u00b7laci\u00f3 fotovoltaica que ens ha fet autosuficients\" \/>\n<meta name=\"robots\" content=\"noindex, follow\" \/>\n<meta property=\"og:locale\" content=\"ca_ES\" \/>\n<meta property=\"og:type\" content=\"article\" \/>\n<meta property=\"og:title\" content=\"Lleal continua amb la seva aposta pel Medi Ambient i la millora en Qualitat\" \/>\n<meta property=\"og:description\" content=\"Lleal continua amb la seva aposta pel Medi Ambient. Finalitzem el projecte d&#039;instal\u00b7laci\u00f3 fotovoltaica que ens ha fet autosuficients\" \/>\n<meta property=\"og:url\" content=\"https:\/\/www.lleal.com\/ca\/lleal-aposta-pel-medi-ambient-amb-instal%c2%b7lacio-fotovoltaica\/\" \/>\n<meta property=\"og:site_name\" content=\"Lleal S.A.U.\" \/>\n<meta property=\"article:published_time\" content=\"2023-03-01T14:03:19+00:00\" \/>\n<meta property=\"og:image\" content=\"https:\/\/www.lleal.com\/wp-content\/uploads\/2023\/03\/DJI_0579-1.jpg\" \/>\n\t<meta property=\"og:image:width\" content=\"1200\" \/>\n\t<meta property=\"og:image:height\" content=\"900\" \/>\n\t<meta property=\"og:image:type\" content=\"image\/jpeg\" \/>\n<meta name=\"author\" content=\"Emi\" \/>\n<meta name=\"twitter:card\" content=\"summary_large_image\" \/>\n<meta name=\"twitter:label1\" content=\"Escrit per\" \/>\n\t<meta name=\"twitter:data1\" content=\"Emi\" \/>\n\t<meta name=\"twitter:label2\" content=\"Temps estimat de lectura\" \/>\n\t<meta name=\"twitter:data2\" content=\"1 minut\" \/>\n<!-- \/ Yoast SEO Premium plugin. -->","yoast_head_json":{"title":"Lleal aposta pel Medi Ambient amb instal\u00b7laci\u00f3 fotovoltaica","description":"Lleal continua amb la seva aposta pel Medi Ambient. Finalitzem el projecte d'instal\u00b7laci\u00f3 fotovoltaica que ens ha fet autosuficients","robots":{"index":"noindex","follow":"follow"},"og_locale":"ca_ES","og_type":"article","og_title":"Lleal continua amb la seva aposta pel Medi Ambient i la millora en Qualitat","og_description":"Lleal continua amb la seva aposta pel Medi Ambient. Finalitzem el projecte d'instal\u00b7laci\u00f3 fotovoltaica que ens ha fet autosuficients","og_url":"https:\/\/www.lleal.com\/ca\/lleal-aposta-pel-medi-ambient-amb-instal%c2%b7lacio-fotovoltaica\/","og_site_name":"Lleal S.A.U.","article_published_time":"2023-03-01T14:03:19+00:00","og_image":[{"width":1200,"height":900,"url":"https:\/\/www.lleal.com\/wp-content\/uploads\/2023\/03\/DJI_0579-1.jpg","type":"image\/jpeg"}],"author":"Emi","twitter_card":"summary_large_image","twitter_misc":{"Escrit per":"Emi","Temps estimat de lectura":"1 minut"},"schema":{"@context":"https:\/\/schema.org","@graph":[{"@type":"Article","@id":"https:\/\/www.lleal.com\/ca\/lleal-aposta-pel-medi-ambient-amb-instal%c2%b7lacio-fotovoltaica\/#article","isPartOf":{"@id":"https:\/\/www.lleal.com\/ca\/lleal-aposta-pel-medi-ambient-amb-instal%c2%b7lacio-fotovoltaica\/"},"author":{"name":"Emi","@id":"https:\/\/www.lleal.com\/ca\/#\/schema\/person\/961af9dee851257c7f77d8235e0018c0"},"headline":"Lleal continua amb la seva aposta pel Medi Ambient i la millora en Qualitat","datePublished":"2023-03-01T14:03:19+00:00","mainEntityOfPage":{"@id":"https:\/\/www.lleal.com\/ca\/lleal-aposta-pel-medi-ambient-amb-instal%c2%b7lacio-fotovoltaica\/"},"wordCount":284,"commentCount":0,"publisher":{"@id":"https:\/\/www.lleal.com\/ca\/#organization"},"image":{"@id":"https:\/\/www.lleal.com\/ca\/lleal-aposta-pel-medi-ambient-amb-instal%c2%b7lacio-fotovoltaica\/#primaryimage"},"thumbnailUrl":"https:\/\/www.lleal.com\/wp-content\/uploads\/2023\/03\/DJI_0579-1.jpg","articleSection":["Noticies"],"inLanguage":"ca"},{"@type":"WebPage","@id":"https:\/\/www.lleal.com\/ca\/lleal-aposta-pel-medi-ambient-amb-instal%c2%b7lacio-fotovoltaica\/","url":"https:\/\/www.lleal.com\/ca\/lleal-aposta-pel-medi-ambient-amb-instal%c2%b7lacio-fotovoltaica\/","name":"Lleal aposta pel Medi Ambient amb instal\u00b7laci\u00f3 fotovoltaica","isPartOf":{"@id":"https:\/\/www.lleal.com\/ca\/#website"},"primaryImageOfPage":{"@id":"https:\/\/www.lleal.com\/ca\/lleal-aposta-pel-medi-ambient-amb-instal%c2%b7lacio-fotovoltaica\/#primaryimage"},"image":{"@id":"https:\/\/www.lleal.com\/ca\/lleal-aposta-pel-medi-ambient-amb-instal%c2%b7lacio-fotovoltaica\/#primaryimage"},"thumbnailUrl":"https:\/\/www.lleal.com\/wp-content\/uploads\/2023\/03\/DJI_0579-1.jpg","datePublished":"2023-03-01T14:03:19+00:00","description":"Lleal continua amb la seva aposta pel Medi Ambient. Finalitzem el projecte d'instal\u00b7laci\u00f3 fotovoltaica que ens ha fet autosuficients","breadcrumb":{"@id":"https:\/\/www.lleal.com\/ca\/lleal-aposta-pel-medi-ambient-amb-instal%c2%b7lacio-fotovoltaica\/#breadcrumb"},"inLanguage":"ca","potentialAction":[{"@type":"ReadAction","target":["https:\/\/www.lleal.com\/ca\/lleal-aposta-pel-medi-ambient-amb-instal%c2%b7lacio-fotovoltaica\/"]}]},{"@type":"ImageObject","inLanguage":"ca","@id":"https:\/\/www.lleal.com\/ca\/lleal-aposta-pel-medi-ambient-amb-instal%c2%b7lacio-fotovoltaica\/#primaryimage","url":"https:\/\/www.lleal.com\/wp-content\/uploads\/2023\/03\/DJI_0579-1.jpg","contentUrl":"https:\/\/www.lleal.com\/wp-content\/uploads\/2023\/03\/DJI_0579-1.jpg","width":1200,"height":900,"caption":"Vista a\u00e9rea de las instalaciones de Lleal. Instalaci\u00f3n fotovoltaica"},{"@type":"BreadcrumbList","@id":"https:\/\/www.lleal.com\/ca\/lleal-aposta-pel-medi-ambient-amb-instal%c2%b7lacio-fotovoltaica\/#breadcrumb","itemListElement":[{"@type":"ListItem","position":1,"name":"Portada","item":"https:\/\/www.lleal.com\/ca\/"},{"@type":"ListItem","position":2,"name":"Lleal continua amb la seva aposta pel Medi Ambient i la millora en Qualitat"}]},{"@type":"WebSite","@id":"https:\/\/www.lleal.com\/ca\/#website","url":"https:\/\/www.lleal.com\/ca\/","name":"Lleal S.A.U.","description":"Experiencia e innovaci\u00f3n al servicio de la industria de proceso","publisher":{"@id":"https:\/\/www.lleal.com\/ca\/#organization"},"potentialAction":[{"@type":"SearchAction","target":{"@type":"EntryPoint","urlTemplate":"https:\/\/www.lleal.com\/ca\/?s={search_term_string}"},"query-input":{"@type":"PropertyValueSpecification","valueRequired":true,"valueName":"search_term_string"}}],"inLanguage":"ca"},{"@type":"Organization","@id":"https:\/\/www.lleal.com\/ca\/#organization","name":"Lleal S.A.U.","url":"https:\/\/www.lleal.com\/ca\/","logo":{"@type":"ImageObject","inLanguage":"ca","@id":"https:\/\/www.lleal.com\/ca\/#\/schema\/logo\/image\/","url":"https:\/\/www.lleal.com\/wp-content\/uploads\/2022\/07\/LOGO-LLEAL-BLACK-CLAIM-1.png","contentUrl":"https:\/\/www.lleal.com\/wp-content\/uploads\/2022\/07\/LOGO-LLEAL-BLACK-CLAIM-1.png","width":116,"height":70,"caption":"Lleal S.A.U."},"image":{"@id":"https:\/\/www.lleal.com\/ca\/#\/schema\/logo\/image\/"}},{"@type":"Person","@id":"https:\/\/www.lleal.com\/ca\/#\/schema\/person\/961af9dee851257c7f77d8235e0018c0","name":"Emi","image":{"@type":"ImageObject","inLanguage":"ca","@id":"https:\/\/secure.gravatar.com\/avatar\/d003a4668b5273301767e94969a212ad8dafc02f2d764a1bd5500ebcea768716?s=96&d=mm&r=g","url":"https:\/\/secure.gravatar.com\/avatar\/d003a4668b5273301767e94969a212ad8dafc02f2d764a1bd5500ebcea768716?s=96&d=mm&r=g","contentUrl":"https:\/\/secure.gravatar.com\/avatar\/d003a4668b5273301767e94969a212ad8dafc02f2d764a1bd5500ebcea768716?s=96&d=mm&r=g","caption":"Emi"}}]}},"_links":{"self":[{"href":"https:\/\/www.lleal.com\/ca\/wp-json\/wp\/v2\/posts\/40014","targetHints":{"allow":["GET"]}}],"collection":[{"href":"https:\/\/www.lleal.com\/ca\/wp-json\/wp\/v2\/posts"}],"about":[{"href":"https:\/\/www.lleal.com\/ca\/wp-json\/wp\/v2\/types\/post"}],"author":[{"embeddable":true,"href":"https:\/\/www.lleal.com\/ca\/wp-json\/wp\/v2\/users\/3"}],"replies":[{"embeddable":true,"href":"https:\/\/www.lleal.com\/ca\/wp-json\/wp\/v2\/comments?post=40014"}],"version-history":[{"count":0,"href":"https:\/\/www.lleal.com\/ca\/wp-json\/wp\/v2\/posts\/40014\/revisions"}],"wp:featuredmedia":[{"embeddable":true,"href":"https:\/\/www.lleal.com\/ca\/wp-json\/wp\/v2\/media\/39976"}],"wp:attachment":[{"href":"https:\/\/www.lleal.com\/ca\/wp-json\/wp\/v2\/media?parent=40014"}],"wp:term":[{"taxonomy":"category","embeddable":true,"href":"https:\/\/www.lleal.com\/ca\/wp-json\/wp\/v2\/categories?post=40014"},{"taxonomy":"post_tag","embeddable":true,"href":"https:\/\/www.lleal.com\/ca\/wp-json\/wp\/v2\/tags?post=40014"}],"curies":[{"name":"wp","href":"https:\/\/api.w.org\/{rel}","templated":true}]}}