{"id":39890,"date":"2023-01-10T14:01:11","date_gmt":"2023-01-10T13:01:11","guid":{"rendered":"https:\/\/www.lleal.com\/?p=39890"},"modified":"2023-01-10T14:01:11","modified_gmt":"2023-01-10T13:01:11","slug":"el-model-mb-7000-es-un-dels-equips-mes-grans-de-la-seva-gamma","status":"publish","type":"post","link":"https:\/\/www.lleal.com\/ca\/el-model-mb-7000-es-un-dels-equips-mes-grans-de-la-seva-gamma\/","title":{"rendered":"Enllestit el nou mesclador de bandes MB-7000"},"content":{"rendered":"<h3>El model MB-7000 \u00e9s un dels equips m\u00e9s grans de la seva gamma<\/h3>\n<p><strong>Granollers, 10 de gener de 2023.<\/strong> Ja tenim llest per a lliurar un nou mesclador de bandes per a una empresa nacional del sector de la qu\u00edmica. En aquesta ocasi\u00f3 es tracta d&#8217;un model MB-7000 d&#8217;acer inoxidable\u00a0AISI-316L, amb capacitat per a 7.000 L.<\/p>\n<p>Com a particularitat, aquest mesclador MB t\u00e9 un cos totalment cil\u00edndric, les h\u00e8lixs s\u00f3n de pas obert (dissenyades per a augmentar l&#8217;homogene\u00eftat de la mescla quan es treballa amb productes de dif\u00edcil mescla) i est\u00e0 equipat amb una doble cambra prevista per a refrigerar el producte. Gr\u00e0cies al disseny cil\u00edndric del cos, la superf\u00edcie de refredament \u00e9s superior permetent reduir el temps de refrigeraci\u00f3 de productes que entren a una alta temperatura.<\/p>\n<p>Amb el mesclador de bandes s&#8217;aconsegueixen mescles homog\u00e8nies (d&#8217;1 a 8.000 parts) amb un baix consum energ\u00e8tic i en temps entre els 10 i els 30 minuts m\u00e0xim, depenent del producte. Sota demanda poden disposar d&#8217;una doble camisa que permet la refrigeraci\u00f3 o la calefacci\u00f3 del producte interior, segons necessitat.<\/p>\n<p>Amb tu, innovant dia a dia.<\/p>\n<p style=\"text-align: center;\"><iframe src=\"https:\/\/www.youtube.com\/embed\/RvA2t2no5Ok?rel=0\" width=\"390\" height=\"285\" frameborder=\"0\" allowfullscreen=\"allowfullscreen\"><span data-mce-type=\"bookmark\" style=\"display: inline-block; width: 0px; overflow: hidden; line-height: 0;\" class=\"mce_SELRES_start\">\ufeff<\/span><\/iframe><\/p>\n<p>&nbsp;<\/p>\n","protected":false},"excerpt":{"rendered":"<p>El model MB-7000 \u00e9s un dels equips m\u00e9s grans de la seva gamma Granollers, 10 de gener de 2023. Ja tenim llest per a lliurar un nou mesclador de bandes per a una empresa nacional del sector de la qu\u00edmica. En aquesta ocasi\u00f3 es tracta d&#8217;un model MB-7000 d&#8217;acer inoxidable\u00a0AISI-316L, amb capacitat per a 7.000 [&hellip;]<\/p>\n","protected":false},"author":3,"featured_media":39886,"comment_status":"open","ping_status":"open","sticky":false,"template":"","format":"standard","meta":{"_acf_changed":false,"footnotes":""},"categories":[178],"tags":[],"class_list":["post-39890","post","type-post","status-publish","format-standard","has-post-thumbnail","hentry","category-noticies"],"acf":[],"yoast_head":"<!-- This site is optimized with the Yoast SEO Premium plugin v23.8 (Yoast SEO v27.5) - https:\/\/yoast.com\/product\/yoast-seo-premium-wordpress\/ -->\n<title>Enllestit un nou mesclador de bandes MB-7000 amb cos cil\u00edndric<\/title>\n<meta name=\"description\" content=\"Enllestit un nou mesclador de bandes MB-7000 amb cos cil\u00edndric. El MB-7000 \u00e9s un dels equips m\u00e9s grans de la seva gamma\" \/>\n<meta name=\"robots\" content=\"noindex, follow\" \/>\n<meta property=\"og:locale\" content=\"ca_ES\" \/>\n<meta property=\"og:type\" content=\"article\" \/>\n<meta property=\"og:title\" content=\"Enllestit el nou mesclador de bandes MB-7000\" \/>\n<meta property=\"og:description\" content=\"Enllestit un nou mesclador de bandes MB-7000 amb cos cil\u00edndric. El MB-7000 \u00e9s un dels equips m\u00e9s grans de la seva gamma\" \/>\n<meta property=\"og:url\" content=\"https:\/\/www.lleal.com\/ca\/el-model-mb-7000-es-un-dels-equips-mes-grans-de-la-seva-gamma\/\" \/>\n<meta property=\"og:site_name\" content=\"Lleal S.A.U.\" \/>\n<meta property=\"article:published_time\" content=\"2023-01-10T13:01:11+00:00\" \/>\n<meta property=\"og:image\" content=\"https:\/\/www.lleal.com\/wp-content\/uploads\/2023\/01\/18854-2-1.jpg\" \/>\n\t<meta property=\"og:image:width\" content=\"1200\" \/>\n\t<meta property=\"og:image:height\" content=\"776\" \/>\n\t<meta property=\"og:image:type\" content=\"image\/jpeg\" \/>\n<meta name=\"author\" content=\"Emi\" \/>\n<meta name=\"twitter:card\" content=\"summary_large_image\" \/>\n<meta name=\"twitter:label1\" content=\"Escrit per\" \/>\n\t<meta name=\"twitter:data1\" content=\"Emi\" \/>\n\t<meta name=\"twitter:label2\" content=\"Temps estimat de lectura\" \/>\n\t<meta name=\"twitter:data2\" content=\"1 minut\" \/>\n<!-- \/ Yoast SEO Premium plugin. -->","yoast_head_json":{"title":"Enllestit un nou mesclador de bandes MB-7000 amb cos cil\u00edndric","description":"Enllestit un nou mesclador de bandes MB-7000 amb cos cil\u00edndric. El MB-7000 \u00e9s un dels equips m\u00e9s grans de la seva gamma","robots":{"index":"noindex","follow":"follow"},"og_locale":"ca_ES","og_type":"article","og_title":"Enllestit el nou mesclador de bandes MB-7000","og_description":"Enllestit un nou mesclador de bandes MB-7000 amb cos cil\u00edndric. El MB-7000 \u00e9s un dels equips m\u00e9s grans de la seva gamma","og_url":"https:\/\/www.lleal.com\/ca\/el-model-mb-7000-es-un-dels-equips-mes-grans-de-la-seva-gamma\/","og_site_name":"Lleal S.A.U.","article_published_time":"2023-01-10T13:01:11+00:00","og_image":[{"width":1200,"height":776,"url":"https:\/\/www.lleal.com\/wp-content\/uploads\/2023\/01\/18854-2-1.jpg","type":"image\/jpeg"}],"author":"Emi","twitter_card":"summary_large_image","twitter_misc":{"Escrit per":"Emi","Temps estimat de lectura":"1 minut"},"schema":{"@context":"https:\/\/schema.org","@graph":[{"@type":"Article","@id":"https:\/\/www.lleal.com\/ca\/el-model-mb-7000-es-un-dels-equips-mes-grans-de-la-seva-gamma\/#article","isPartOf":{"@id":"https:\/\/www.lleal.com\/ca\/el-model-mb-7000-es-un-dels-equips-mes-grans-de-la-seva-gamma\/"},"author":{"name":"Emi","@id":"https:\/\/www.lleal.com\/ca\/#\/schema\/person\/961af9dee851257c7f77d8235e0018c0"},"headline":"Enllestit el nou mesclador de bandes MB-7000","datePublished":"2023-01-10T13:01:11+00:00","mainEntityOfPage":{"@id":"https:\/\/www.lleal.com\/ca\/el-model-mb-7000-es-un-dels-equips-mes-grans-de-la-seva-gamma\/"},"wordCount":206,"commentCount":0,"publisher":{"@id":"https:\/\/www.lleal.com\/ca\/#organization"},"image":{"@id":"https:\/\/www.lleal.com\/ca\/el-model-mb-7000-es-un-dels-equips-mes-grans-de-la-seva-gamma\/#primaryimage"},"thumbnailUrl":"https:\/\/www.lleal.com\/wp-content\/uploads\/2023\/01\/18854-2-1.jpg","articleSection":["Noticies"],"inLanguage":"ca"},{"@type":"WebPage","@id":"https:\/\/www.lleal.com\/ca\/el-model-mb-7000-es-un-dels-equips-mes-grans-de-la-seva-gamma\/","url":"https:\/\/www.lleal.com\/ca\/el-model-mb-7000-es-un-dels-equips-mes-grans-de-la-seva-gamma\/","name":"Enllestit un nou mesclador de bandes MB-7000 amb cos cil\u00edndric","isPartOf":{"@id":"https:\/\/www.lleal.com\/ca\/#website"},"primaryImageOfPage":{"@id":"https:\/\/www.lleal.com\/ca\/el-model-mb-7000-es-un-dels-equips-mes-grans-de-la-seva-gamma\/#primaryimage"},"image":{"@id":"https:\/\/www.lleal.com\/ca\/el-model-mb-7000-es-un-dels-equips-mes-grans-de-la-seva-gamma\/#primaryimage"},"thumbnailUrl":"https:\/\/www.lleal.com\/wp-content\/uploads\/2023\/01\/18854-2-1.jpg","datePublished":"2023-01-10T13:01:11+00:00","description":"Enllestit un nou mesclador de bandes MB-7000 amb cos cil\u00edndric. El MB-7000 \u00e9s un dels equips m\u00e9s grans de la seva gamma","breadcrumb":{"@id":"https:\/\/www.lleal.com\/ca\/el-model-mb-7000-es-un-dels-equips-mes-grans-de-la-seva-gamma\/#breadcrumb"},"inLanguage":"ca","potentialAction":[{"@type":"ReadAction","target":["https:\/\/www.lleal.com\/ca\/el-model-mb-7000-es-un-dels-equips-mes-grans-de-la-seva-gamma\/"]}]},{"@type":"ImageObject","inLanguage":"ca","@id":"https:\/\/www.lleal.com\/ca\/el-model-mb-7000-es-un-dels-equips-mes-grans-de-la-seva-gamma\/#primaryimage","url":"https:\/\/www.lleal.com\/wp-content\/uploads\/2023\/01\/18854-2-1.jpg","contentUrl":"https:\/\/www.lleal.com\/wp-content\/uploads\/2023\/01\/18854-2-1.jpg","width":1200,"height":776,"caption":"Mezclador de bandas MB-7000. Imagen en 3D"},{"@type":"BreadcrumbList","@id":"https:\/\/www.lleal.com\/ca\/el-model-mb-7000-es-un-dels-equips-mes-grans-de-la-seva-gamma\/#breadcrumb","itemListElement":[{"@type":"ListItem","position":1,"name":"Portada","item":"https:\/\/www.lleal.com\/ca\/"},{"@type":"ListItem","position":2,"name":"Enllestit el nou mesclador de bandes MB-7000"}]},{"@type":"WebSite","@id":"https:\/\/www.lleal.com\/ca\/#website","url":"https:\/\/www.lleal.com\/ca\/","name":"Lleal S.A.U.","description":"Experiencia e innovaci\u00f3n al servicio de la industria de proceso","publisher":{"@id":"https:\/\/www.lleal.com\/ca\/#organization"},"potentialAction":[{"@type":"SearchAction","target":{"@type":"EntryPoint","urlTemplate":"https:\/\/www.lleal.com\/ca\/?s={search_term_string}"},"query-input":{"@type":"PropertyValueSpecification","valueRequired":true,"valueName":"search_term_string"}}],"inLanguage":"ca"},{"@type":"Organization","@id":"https:\/\/www.lleal.com\/ca\/#organization","name":"Lleal S.A.U.","url":"https:\/\/www.lleal.com\/ca\/","logo":{"@type":"ImageObject","inLanguage":"ca","@id":"https:\/\/www.lleal.com\/ca\/#\/schema\/logo\/image\/","url":"https:\/\/www.lleal.com\/wp-content\/uploads\/2022\/07\/LOGO-LLEAL-BLACK-CLAIM-1.png","contentUrl":"https:\/\/www.lleal.com\/wp-content\/uploads\/2022\/07\/LOGO-LLEAL-BLACK-CLAIM-1.png","width":116,"height":70,"caption":"Lleal S.A.U."},"image":{"@id":"https:\/\/www.lleal.com\/ca\/#\/schema\/logo\/image\/"}},{"@type":"Person","@id":"https:\/\/www.lleal.com\/ca\/#\/schema\/person\/961af9dee851257c7f77d8235e0018c0","name":"Emi","image":{"@type":"ImageObject","inLanguage":"ca","@id":"https:\/\/secure.gravatar.com\/avatar\/d003a4668b5273301767e94969a212ad8dafc02f2d764a1bd5500ebcea768716?s=96&d=mm&r=g","url":"https:\/\/secure.gravatar.com\/avatar\/d003a4668b5273301767e94969a212ad8dafc02f2d764a1bd5500ebcea768716?s=96&d=mm&r=g","contentUrl":"https:\/\/secure.gravatar.com\/avatar\/d003a4668b5273301767e94969a212ad8dafc02f2d764a1bd5500ebcea768716?s=96&d=mm&r=g","caption":"Emi"}}]}},"_links":{"self":[{"href":"https:\/\/www.lleal.com\/ca\/wp-json\/wp\/v2\/posts\/39890","targetHints":{"allow":["GET"]}}],"collection":[{"href":"https:\/\/www.lleal.com\/ca\/wp-json\/wp\/v2\/posts"}],"about":[{"href":"https:\/\/www.lleal.com\/ca\/wp-json\/wp\/v2\/types\/post"}],"author":[{"embeddable":true,"href":"https:\/\/www.lleal.com\/ca\/wp-json\/wp\/v2\/users\/3"}],"replies":[{"embeddable":true,"href":"https:\/\/www.lleal.com\/ca\/wp-json\/wp\/v2\/comments?post=39890"}],"version-history":[{"count":0,"href":"https:\/\/www.lleal.com\/ca\/wp-json\/wp\/v2\/posts\/39890\/revisions"}],"wp:featuredmedia":[{"embeddable":true,"href":"https:\/\/www.lleal.com\/ca\/wp-json\/wp\/v2\/media\/39886"}],"wp:attachment":[{"href":"https:\/\/www.lleal.com\/ca\/wp-json\/wp\/v2\/media?parent=39890"}],"wp:term":[{"taxonomy":"category","embeddable":true,"href":"https:\/\/www.lleal.com\/ca\/wp-json\/wp\/v2\/categories?post=39890"},{"taxonomy":"post_tag","embeddable":true,"href":"https:\/\/www.lleal.com\/ca\/wp-json\/wp\/v2\/tags?post=39890"}],"curies":[{"name":"wp","href":"https:\/\/api.w.org\/{rel}","templated":true}]}}