{"id":38999,"date":"2022-07-04T13:30:56","date_gmt":"2022-07-04T11:30:56","guid":{"rendered":"https:\/\/www.lleal.com\/?p=38999"},"modified":"2022-07-04T13:30:56","modified_gmt":"2022-07-04T11:30:56","slug":"lleal-participa-en-el-sopar-amb-tu-22-per-a-la-recaptacio-de-fons-destinats-a-la-recerca-contra-el-cancer-de-mama","status":"publish","type":"post","link":"https:\/\/www.lleal.com\/ca\/lleal-participa-en-el-sopar-amb-tu-22-per-a-la-recaptacio-de-fons-destinats-a-la-recerca-contra-el-cancer-de-mama\/","title":{"rendered":"Lleal, compromesos amb la lluita contra el c\u00e0ncer de mama"},"content":{"rendered":"<h3>Lleal participa en el Sopar Amb tu 22 per a la recaptaci\u00f3 de fons destinats a la recerca contra el c\u00e0ncer de mama<\/h3>\n<p style=\"text-align: justify;\"><strong>Granollers, 4 de Juliol de 2022.<\/strong> A Lleal volem fer costat a totes les dones que pateixen o han patit un c\u00e0ncer de mama. Per aquest motiu, novament hem col\u00b7laborat amb la \u201cFundaci\u00f3 Amb tu\u201d, participant activament en el Sopar Amb tu Vilanova 2022, celebrat el passat 14 de juny en l&#8217;emblem\u00e0tic restaurant Mas de Sant Lle\u00ed. Un esdeveniment que forma ja part de les nostres accions de responsabilitat social corporativa.<\/p>\n<p style=\"text-align: justify;\">Aquest sopar, que se celebra anualment, cerca recaptar fons per als nombrosos projectes de recerca que realitzen contra el c\u00e0ncer de mama.<\/p>\n<p style=\"text-align: justify;\">Gr\u00e0cies a la participaci\u00f3 de m\u00e9s de 300 persones entre col\u00b7laboradors i empreses, en l&#8217;edici\u00f3 d&#8217;aquest 2022 s&#8217;ha aconseguit recaptar m\u00e9s de 60.000 \u20ac.<\/p>\n<figure id=\"attachment_38990\" aria-describedby=\"caption-attachment-38990\" style=\"width: 300px\" class=\"wp-caption aligncenter\"><img fetchpriority=\"high\" decoding=\"async\" class=\"Discurs del doctor Javier Cort\u00e9s wp-image-38990 size-medium\" title=\"Discurs del doctor Javier Cort\u00e9s\" src=\"https:\/\/www.lleal.com\/wp-content\/uploads\/2022\/07\/MG_0889-scaled-300x200.jpg\" alt=\"Discurs del doctor Javier Cort\u00e9s\" width=\"300\" height=\"200\" \/><figcaption id=\"caption-attachment-38990\" class=\"wp-caption-text\">Discurs del doctor Javier Cort\u00e9s<\/figcaption><\/figure>\n<p style=\"text-align: justify;\">Durant aquest esdeveniment, el reconegut doctor Javier Cort\u00e9s Cast\u00e1n va pronunciar un discurs en el qual va parlar sobre el futur de l&#8217;oncologia en el m\u00f3n.<\/p>\n<p style=\"text-align: justify;\">Lleal, compromesos amb la salut les persones.<\/p>\n<p>Anima&#8217;t i col\u00b7labora: <a href=\"https:\/\/www.cenacontigo.org\/fundacion-contigo-contra-el-cancer-de-la-mujer\/\">Fundaci\u00f3n Contigo<\/a><\/p>\n","protected":false},"excerpt":{"rendered":"<p>Lleal participa en el Sopar Amb tu 22 per a la recaptaci\u00f3 de fons destinats a la recerca contra el c\u00e0ncer de mama Granollers, 4 de Juliol de 2022. A Lleal volem fer costat a totes les dones que pateixen o han patit un c\u00e0ncer de mama. Per aquest motiu, novament hem col\u00b7laborat amb la [&hellip;]<\/p>\n","protected":false},"author":3,"featured_media":38985,"comment_status":"open","ping_status":"open","sticky":false,"template":"","format":"standard","meta":{"_acf_changed":false,"footnotes":""},"categories":[178],"tags":[],"class_list":["post-38999","post","type-post","status-publish","format-standard","has-post-thumbnail","hentry","category-noticies"],"acf":[],"yoast_head":"<!-- This site is optimized with the Yoast SEO Premium plugin v23.8 (Yoast SEO v27.5) - https:\/\/yoast.com\/product\/yoast-seo-premium-wordpress\/ -->\n<title>Lleal, compromesos amb la lluita contra el c\u00e0ncer de mama<\/title>\n<meta name=\"description\" content=\"Lleal participa en el Sopar Amb tu 22 per a la recaptaci\u00f3 de fons destinats a la recerca contra el c\u00e0ncer de mama.\" \/>\n<meta name=\"robots\" content=\"noindex, follow\" \/>\n<meta property=\"og:locale\" content=\"ca_ES\" \/>\n<meta property=\"og:type\" content=\"article\" \/>\n<meta property=\"og:title\" content=\"Lleal, compromesos amb la lluita contra el c\u00e0ncer de mama\" \/>\n<meta property=\"og:description\" content=\"Lleal participa en el Sopar Amb tu 22 per a la recaptaci\u00f3 de fons destinats a la recerca contra el c\u00e0ncer de mama.\" \/>\n<meta property=\"og:url\" content=\"https:\/\/www.lleal.com\/ca\/lleal-participa-en-el-sopar-amb-tu-22-per-a-la-recaptacio-de-fons-destinats-a-la-recerca-contra-el-cancer-de-mama\/\" \/>\n<meta property=\"og:site_name\" content=\"Lleal S.A.U.\" \/>\n<meta property=\"article:published_time\" content=\"2022-07-04T11:30:56+00:00\" \/>\n<meta property=\"og:image\" content=\"https:\/\/www.lleal.com\/wp-content\/uploads\/2022\/07\/MG_0734-scaled-1.jpg\" \/>\n\t<meta property=\"og:image:width\" content=\"1800\" \/>\n\t<meta property=\"og:image:height\" content=\"1200\" \/>\n\t<meta property=\"og:image:type\" content=\"image\/jpeg\" \/>\n<meta name=\"author\" content=\"Emi\" \/>\n<meta name=\"twitter:card\" content=\"summary_large_image\" \/>\n<meta name=\"twitter:label1\" content=\"Escrit per\" \/>\n\t<meta name=\"twitter:data1\" content=\"Emi\" \/>\n\t<meta name=\"twitter:label2\" content=\"Temps estimat de lectura\" \/>\n\t<meta name=\"twitter:data2\" content=\"1 minut\" \/>\n<!-- \/ Yoast SEO Premium plugin. -->","yoast_head_json":{"title":"Lleal, compromesos amb la lluita contra el c\u00e0ncer de mama","description":"Lleal participa en el Sopar Amb tu 22 per a la recaptaci\u00f3 de fons destinats a la recerca contra el c\u00e0ncer de mama.","robots":{"index":"noindex","follow":"follow"},"og_locale":"ca_ES","og_type":"article","og_title":"Lleal, compromesos amb la lluita contra el c\u00e0ncer de mama","og_description":"Lleal participa en el Sopar Amb tu 22 per a la recaptaci\u00f3 de fons destinats a la recerca contra el c\u00e0ncer de mama.","og_url":"https:\/\/www.lleal.com\/ca\/lleal-participa-en-el-sopar-amb-tu-22-per-a-la-recaptacio-de-fons-destinats-a-la-recerca-contra-el-cancer-de-mama\/","og_site_name":"Lleal S.A.U.","article_published_time":"2022-07-04T11:30:56+00:00","og_image":[{"width":1800,"height":1200,"url":"https:\/\/www.lleal.com\/wp-content\/uploads\/2022\/07\/MG_0734-scaled-1.jpg","type":"image\/jpeg"}],"author":"Emi","twitter_card":"summary_large_image","twitter_misc":{"Escrit per":"Emi","Temps estimat de lectura":"1 minut"},"schema":{"@context":"https:\/\/schema.org","@graph":[{"@type":"Article","@id":"https:\/\/www.lleal.com\/ca\/lleal-participa-en-el-sopar-amb-tu-22-per-a-la-recaptacio-de-fons-destinats-a-la-recerca-contra-el-cancer-de-mama\/#article","isPartOf":{"@id":"https:\/\/www.lleal.com\/ca\/lleal-participa-en-el-sopar-amb-tu-22-per-a-la-recaptacio-de-fons-destinats-a-la-recerca-contra-el-cancer-de-mama\/"},"author":{"name":"Emi","@id":"https:\/\/www.lleal.com\/ca\/#\/schema\/person\/961af9dee851257c7f77d8235e0018c0"},"headline":"Lleal, compromesos amb la lluita contra el c\u00e0ncer de mama","datePublished":"2022-07-04T11:30:56+00:00","mainEntityOfPage":{"@id":"https:\/\/www.lleal.com\/ca\/lleal-participa-en-el-sopar-amb-tu-22-per-a-la-recaptacio-de-fons-destinats-a-la-recerca-contra-el-cancer-de-mama\/"},"wordCount":213,"commentCount":0,"publisher":{"@id":"https:\/\/www.lleal.com\/ca\/#organization"},"image":{"@id":"https:\/\/www.lleal.com\/ca\/lleal-participa-en-el-sopar-amb-tu-22-per-a-la-recaptacio-de-fons-destinats-a-la-recerca-contra-el-cancer-de-mama\/#primaryimage"},"thumbnailUrl":"https:\/\/www.lleal.com\/wp-content\/uploads\/2022\/07\/MG_0734-scaled-1.jpg","articleSection":["Noticies"],"inLanguage":"ca"},{"@type":"WebPage","@id":"https:\/\/www.lleal.com\/ca\/lleal-participa-en-el-sopar-amb-tu-22-per-a-la-recaptacio-de-fons-destinats-a-la-recerca-contra-el-cancer-de-mama\/","url":"https:\/\/www.lleal.com\/ca\/lleal-participa-en-el-sopar-amb-tu-22-per-a-la-recaptacio-de-fons-destinats-a-la-recerca-contra-el-cancer-de-mama\/","name":"Lleal, compromesos amb la lluita contra el c\u00e0ncer de mama","isPartOf":{"@id":"https:\/\/www.lleal.com\/ca\/#website"},"primaryImageOfPage":{"@id":"https:\/\/www.lleal.com\/ca\/lleal-participa-en-el-sopar-amb-tu-22-per-a-la-recaptacio-de-fons-destinats-a-la-recerca-contra-el-cancer-de-mama\/#primaryimage"},"image":{"@id":"https:\/\/www.lleal.com\/ca\/lleal-participa-en-el-sopar-amb-tu-22-per-a-la-recaptacio-de-fons-destinats-a-la-recerca-contra-el-cancer-de-mama\/#primaryimage"},"thumbnailUrl":"https:\/\/www.lleal.com\/wp-content\/uploads\/2022\/07\/MG_0734-scaled-1.jpg","datePublished":"2022-07-04T11:30:56+00:00","description":"Lleal participa en el Sopar Amb tu 22 per a la recaptaci\u00f3 de fons destinats a la recerca contra el c\u00e0ncer de mama.","breadcrumb":{"@id":"https:\/\/www.lleal.com\/ca\/lleal-participa-en-el-sopar-amb-tu-22-per-a-la-recaptacio-de-fons-destinats-a-la-recerca-contra-el-cancer-de-mama\/#breadcrumb"},"inLanguage":"ca","potentialAction":[{"@type":"ReadAction","target":["https:\/\/www.lleal.com\/ca\/lleal-participa-en-el-sopar-amb-tu-22-per-a-la-recaptacio-de-fons-destinats-a-la-recerca-contra-el-cancer-de-mama\/"]}]},{"@type":"ImageObject","inLanguage":"ca","@id":"https:\/\/www.lleal.com\/ca\/lleal-participa-en-el-sopar-amb-tu-22-per-a-la-recaptacio-de-fons-destinats-a-la-recerca-contra-el-cancer-de-mama\/#primaryimage","url":"https:\/\/www.lleal.com\/wp-content\/uploads\/2022\/07\/MG_0734-scaled-1.jpg","contentUrl":"https:\/\/www.lleal.com\/wp-content\/uploads\/2022\/07\/MG_0734-scaled-1.jpg","width":1800,"height":1200,"caption":"Rosa Maria Lleal y el doctor Javier Cort\u00e9s"},{"@type":"BreadcrumbList","@id":"https:\/\/www.lleal.com\/ca\/lleal-participa-en-el-sopar-amb-tu-22-per-a-la-recaptacio-de-fons-destinats-a-la-recerca-contra-el-cancer-de-mama\/#breadcrumb","itemListElement":[{"@type":"ListItem","position":1,"name":"Portada","item":"https:\/\/www.lleal.com\/ca\/"},{"@type":"ListItem","position":2,"name":"Lleal, compromesos amb la lluita contra el c\u00e0ncer de mama"}]},{"@type":"WebSite","@id":"https:\/\/www.lleal.com\/ca\/#website","url":"https:\/\/www.lleal.com\/ca\/","name":"Lleal S.A.U.","description":"Experiencia e innovaci\u00f3n al servicio de la industria de proceso","publisher":{"@id":"https:\/\/www.lleal.com\/ca\/#organization"},"potentialAction":[{"@type":"SearchAction","target":{"@type":"EntryPoint","urlTemplate":"https:\/\/www.lleal.com\/ca\/?s={search_term_string}"},"query-input":{"@type":"PropertyValueSpecification","valueRequired":true,"valueName":"search_term_string"}}],"inLanguage":"ca"},{"@type":"Organization","@id":"https:\/\/www.lleal.com\/ca\/#organization","name":"Lleal S.A.U.","url":"https:\/\/www.lleal.com\/ca\/","logo":{"@type":"ImageObject","inLanguage":"ca","@id":"https:\/\/www.lleal.com\/ca\/#\/schema\/logo\/image\/","url":"https:\/\/www.lleal.com\/wp-content\/uploads\/2022\/07\/LOGO-LLEAL-BLACK-CLAIM-1.png","contentUrl":"https:\/\/www.lleal.com\/wp-content\/uploads\/2022\/07\/LOGO-LLEAL-BLACK-CLAIM-1.png","width":116,"height":70,"caption":"Lleal S.A.U."},"image":{"@id":"https:\/\/www.lleal.com\/ca\/#\/schema\/logo\/image\/"}},{"@type":"Person","@id":"https:\/\/www.lleal.com\/ca\/#\/schema\/person\/961af9dee851257c7f77d8235e0018c0","name":"Emi","image":{"@type":"ImageObject","inLanguage":"ca","@id":"https:\/\/secure.gravatar.com\/avatar\/d003a4668b5273301767e94969a212ad8dafc02f2d764a1bd5500ebcea768716?s=96&d=mm&r=g","url":"https:\/\/secure.gravatar.com\/avatar\/d003a4668b5273301767e94969a212ad8dafc02f2d764a1bd5500ebcea768716?s=96&d=mm&r=g","contentUrl":"https:\/\/secure.gravatar.com\/avatar\/d003a4668b5273301767e94969a212ad8dafc02f2d764a1bd5500ebcea768716?s=96&d=mm&r=g","caption":"Emi"}}]}},"_links":{"self":[{"href":"https:\/\/www.lleal.com\/ca\/wp-json\/wp\/v2\/posts\/38999","targetHints":{"allow":["GET"]}}],"collection":[{"href":"https:\/\/www.lleal.com\/ca\/wp-json\/wp\/v2\/posts"}],"about":[{"href":"https:\/\/www.lleal.com\/ca\/wp-json\/wp\/v2\/types\/post"}],"author":[{"embeddable":true,"href":"https:\/\/www.lleal.com\/ca\/wp-json\/wp\/v2\/users\/3"}],"replies":[{"embeddable":true,"href":"https:\/\/www.lleal.com\/ca\/wp-json\/wp\/v2\/comments?post=38999"}],"version-history":[{"count":0,"href":"https:\/\/www.lleal.com\/ca\/wp-json\/wp\/v2\/posts\/38999\/revisions"}],"wp:featuredmedia":[{"embeddable":true,"href":"https:\/\/www.lleal.com\/ca\/wp-json\/wp\/v2\/media\/38985"}],"wp:attachment":[{"href":"https:\/\/www.lleal.com\/ca\/wp-json\/wp\/v2\/media?parent=38999"}],"wp:term":[{"taxonomy":"category","embeddable":true,"href":"https:\/\/www.lleal.com\/ca\/wp-json\/wp\/v2\/categories?post=38999"},{"taxonomy":"post_tag","embeddable":true,"href":"https:\/\/www.lleal.com\/ca\/wp-json\/wp\/v2\/tags?post=38999"}],"curies":[{"name":"wp","href":"https:\/\/api.w.org\/{rel}","templated":true}]}}