{"id":38400,"date":"2022-05-11T13:28:52","date_gmt":"2022-05-11T11:28:52","guid":{"rendered":"https:\/\/www.lleal.com\/?p=38400"},"modified":"2022-05-11T13:28:52","modified_gmt":"2022-05-11T11:28:52","slug":"lleal-participa-en-les-jornades-del-cercle-deconomia-2022","status":"publish","type":"post","link":"https:\/\/www.lleal.com\/ca\/lleal-participa-en-les-jornades-del-cercle-deconomia-2022\/","title":{"rendered":"Lleal participa en les jornades del Cercle d\u2019Economia 2022"},"content":{"rendered":"<h3>Sostenibilitat, innovaci\u00f3 i competitivitat: objectius del sector industrial<\/h3>\n<p style=\"text-align: justify;\"><strong>Granollers, 11 de maig de 2022.<\/strong> \u201cHem d&#8217;afrontar i apostar per la ind\u00fastria i el seu proc\u00e9s d&#8217;innovaci\u00f3 i reindustrialitzaci\u00f3\u201d, aquestes eren les paraules amb les quals Rosa Maria Lleal va donar pas al debat sobre la \u201cInd\u00fastria com a palanca de la recuperaci\u00f3\u201d celebrat el passat 5 de maig en el marc de les Jornades del <a href=\"https:\/\/reuniocercledeconomia.com\/\" target=\"_blank\" rel=\"noopener noreferrer\">\u201cCercle d\u2019Economia\u201d<\/a>.<\/p>\n<p style=\"text-align: justify;\">Aquesta taula rodona, moderada per la consellera delegada de Lleal, va comptar amb la representaci\u00f3 dels tres grans blocs del nostre teixit empresarial: la gran empresa representada pel president de Gestamp, Francisco Riberas, la petita i mitjana empresa, a c\u00e0rrec d&#8217;Antonio Ca\u00f1ete, president de Pimec i la iniciativa p\u00fablic-privada, de la m\u00e0 del delegat especial del Consorci de la Zona Franca, Pere Navarro.<\/p>\n<figure id=\"attachment_38388\" aria-describedby=\"caption-attachment-38388\" style=\"width: 800px\" class=\"wp-caption aligncenter\"><img fetchpriority=\"high\" decoding=\"async\" class=\"wp-image-38388 size-large\" src=\"https:\/\/www.lleal.com\/wp-content\/uploads\/2022\/05\/220505-rce-lq-100-2-800x534.jpeg\" alt=\"Participants de la taula rodona. Font Viaempresa\" width=\"800\" height=\"534\" \/><figcaption id=\"caption-attachment-38388\" class=\"wp-caption-text\">Participants de la taula rodona. Font Viaempresa<\/figcaption><\/figure>\n<p style=\"text-align: justify;\">Durant el debat, els ponents van coincidir en la necessitat que el sector industrial lideri el model econ\u00f2mic actual i futur, at\u00e8s que \u00e9s el sector que genera llocs de treball m\u00e9s estables, on la formaci\u00f3 \u00e9s fonamental. Aix\u00ed mateix, tamb\u00e9 van posar l&#8217;accent que l&#8217;objectiu de la ind\u00fastria ha de ser la digitalitzaci\u00f3, la constant innovaci\u00f3 i el foment de la sostenibilitat, implantant una pol\u00edtica fiscal a Europa que exigeixi la mateixa reducci\u00f3 d&#8217;emissions als productes importats que s&#8217;exigeix al producte local.<\/p>\n<p style=\"text-align: justify;\">Amb tu, apostant pel sector industrial.<\/p>\n","protected":false},"excerpt":{"rendered":"<p>Sostenibilitat, innovaci\u00f3 i competitivitat: objectius del sector industrial Granollers, 11 de maig de 2022. \u201cHem d&#8217;afrontar i apostar per la ind\u00fastria i el seu proc\u00e9s d&#8217;innovaci\u00f3 i reindustrialitzaci\u00f3\u201d, aquestes eren les paraules amb les quals Rosa Maria Lleal va donar pas al debat sobre la \u201cInd\u00fastria com a palanca de la recuperaci\u00f3\u201d celebrat el passat [&hellip;]<\/p>\n","protected":false},"author":3,"featured_media":38394,"comment_status":"open","ping_status":"open","sticky":false,"template":"","format":"standard","meta":{"_acf_changed":false,"footnotes":""},"categories":[178],"tags":[],"class_list":["post-38400","post","type-post","status-publish","format-standard","has-post-thumbnail","hentry","category-noticies"],"acf":[],"yoast_head":"<!-- This site is optimized with the Yoast SEO Premium plugin v23.8 (Yoast SEO v27.5) - https:\/\/yoast.com\/product\/yoast-seo-premium-wordpress\/ -->\n<title>Lleal participa en les jornades del Cercle d\u2019Economia 2022<\/title>\n<meta name=\"description\" content=\"Lleal participa en les jornades del Cercle d\u2019Economia 2022. Sostenibilitat, innovaci\u00f3 i competitivitat: objectius del sector industrial\" \/>\n<meta name=\"robots\" content=\"noindex, follow\" \/>\n<meta property=\"og:locale\" content=\"ca_ES\" \/>\n<meta property=\"og:type\" content=\"article\" \/>\n<meta property=\"og:title\" content=\"Lleal participa en les jornades del Cercle d\u2019Economia 2022\" \/>\n<meta property=\"og:description\" content=\"Lleal participa en les jornades del Cercle d\u2019Economia 2022. Sostenibilitat, innovaci\u00f3 i competitivitat: objectius del sector industrial\" \/>\n<meta property=\"og:url\" content=\"https:\/\/www.lleal.com\/ca\/lleal-participa-en-les-jornades-del-cercle-deconomia-2022\/\" \/>\n<meta property=\"og:site_name\" content=\"Lleal S.A.U.\" \/>\n<meta property=\"article:published_time\" content=\"2022-05-11T11:28:52+00:00\" \/>\n<meta property=\"og:image\" content=\"https:\/\/www.lleal.com\/wp-content\/uploads\/2022\/05\/La-industria-como-palanca-de-la-recuperacion-1.jpg\" \/>\n\t<meta property=\"og:image:width\" content=\"768\" \/>\n\t<meta property=\"og:image:height\" content=\"560\" \/>\n\t<meta property=\"og:image:type\" content=\"image\/jpeg\" \/>\n<meta name=\"author\" content=\"Emi\" \/>\n<meta name=\"twitter:card\" content=\"summary_large_image\" \/>\n<meta name=\"twitter:label1\" content=\"Escrit per\" \/>\n\t<meta name=\"twitter:data1\" content=\"Emi\" \/>\n\t<meta name=\"twitter:label2\" content=\"Temps estimat de lectura\" \/>\n\t<meta name=\"twitter:data2\" content=\"1 minut\" \/>\n<!-- \/ Yoast SEO Premium plugin. -->","yoast_head_json":{"title":"Lleal participa en les jornades del Cercle d\u2019Economia 2022","description":"Lleal participa en les jornades del Cercle d\u2019Economia 2022. Sostenibilitat, innovaci\u00f3 i competitivitat: objectius del sector industrial","robots":{"index":"noindex","follow":"follow"},"og_locale":"ca_ES","og_type":"article","og_title":"Lleal participa en les jornades del Cercle d\u2019Economia 2022","og_description":"Lleal participa en les jornades del Cercle d\u2019Economia 2022. Sostenibilitat, innovaci\u00f3 i competitivitat: objectius del sector industrial","og_url":"https:\/\/www.lleal.com\/ca\/lleal-participa-en-les-jornades-del-cercle-deconomia-2022\/","og_site_name":"Lleal S.A.U.","article_published_time":"2022-05-11T11:28:52+00:00","og_image":[{"width":768,"height":560,"url":"https:\/\/www.lleal.com\/wp-content\/uploads\/2022\/05\/La-industria-como-palanca-de-la-recuperacion-1.jpg","type":"image\/jpeg"}],"author":"Emi","twitter_card":"summary_large_image","twitter_misc":{"Escrit per":"Emi","Temps estimat de lectura":"1 minut"},"schema":{"@context":"https:\/\/schema.org","@graph":[{"@type":"Article","@id":"https:\/\/www.lleal.com\/ca\/lleal-participa-en-les-jornades-del-cercle-deconomia-2022\/#article","isPartOf":{"@id":"https:\/\/www.lleal.com\/ca\/lleal-participa-en-les-jornades-del-cercle-deconomia-2022\/"},"author":{"name":"Emi","@id":"https:\/\/www.lleal.com\/ca\/#\/schema\/person\/961af9dee851257c7f77d8235e0018c0"},"headline":"Lleal participa en les jornades del Cercle d\u2019Economia 2022","datePublished":"2022-05-11T11:28:52+00:00","mainEntityOfPage":{"@id":"https:\/\/www.lleal.com\/ca\/lleal-participa-en-les-jornades-del-cercle-deconomia-2022\/"},"wordCount":258,"commentCount":0,"publisher":{"@id":"https:\/\/www.lleal.com\/ca\/#organization"},"image":{"@id":"https:\/\/www.lleal.com\/ca\/lleal-participa-en-les-jornades-del-cercle-deconomia-2022\/#primaryimage"},"thumbnailUrl":"https:\/\/www.lleal.com\/wp-content\/uploads\/2022\/05\/La-industria-como-palanca-de-la-recuperacion-1.jpg","articleSection":["Noticies"],"inLanguage":"ca"},{"@type":"WebPage","@id":"https:\/\/www.lleal.com\/ca\/lleal-participa-en-les-jornades-del-cercle-deconomia-2022\/","url":"https:\/\/www.lleal.com\/ca\/lleal-participa-en-les-jornades-del-cercle-deconomia-2022\/","name":"Lleal participa en les jornades del Cercle d\u2019Economia 2022","isPartOf":{"@id":"https:\/\/www.lleal.com\/ca\/#website"},"primaryImageOfPage":{"@id":"https:\/\/www.lleal.com\/ca\/lleal-participa-en-les-jornades-del-cercle-deconomia-2022\/#primaryimage"},"image":{"@id":"https:\/\/www.lleal.com\/ca\/lleal-participa-en-les-jornades-del-cercle-deconomia-2022\/#primaryimage"},"thumbnailUrl":"https:\/\/www.lleal.com\/wp-content\/uploads\/2022\/05\/La-industria-como-palanca-de-la-recuperacion-1.jpg","datePublished":"2022-05-11T11:28:52+00:00","description":"Lleal participa en les jornades del Cercle d\u2019Economia 2022. Sostenibilitat, innovaci\u00f3 i competitivitat: objectius del sector industrial","breadcrumb":{"@id":"https:\/\/www.lleal.com\/ca\/lleal-participa-en-les-jornades-del-cercle-deconomia-2022\/#breadcrumb"},"inLanguage":"ca","potentialAction":[{"@type":"ReadAction","target":["https:\/\/www.lleal.com\/ca\/lleal-participa-en-les-jornades-del-cercle-deconomia-2022\/"]}]},{"@type":"ImageObject","inLanguage":"ca","@id":"https:\/\/www.lleal.com\/ca\/lleal-participa-en-les-jornades-del-cercle-deconomia-2022\/#primaryimage","url":"https:\/\/www.lleal.com\/wp-content\/uploads\/2022\/05\/La-industria-como-palanca-de-la-recuperacion-1.jpg","contentUrl":"https:\/\/www.lleal.com\/wp-content\/uploads\/2022\/05\/La-industria-como-palanca-de-la-recuperacion-1.jpg","width":768,"height":560,"caption":"\u201cLa ind\u00fastria com a palanca de la recuperaci\u00f3\u201d reuni\u00f3 del Cercle d\u2019Economia"},{"@type":"BreadcrumbList","@id":"https:\/\/www.lleal.com\/ca\/lleal-participa-en-les-jornades-del-cercle-deconomia-2022\/#breadcrumb","itemListElement":[{"@type":"ListItem","position":1,"name":"Portada","item":"https:\/\/www.lleal.com\/ca\/"},{"@type":"ListItem","position":2,"name":"Lleal participa en les jornades del Cercle d\u2019Economia 2022"}]},{"@type":"WebSite","@id":"https:\/\/www.lleal.com\/ca\/#website","url":"https:\/\/www.lleal.com\/ca\/","name":"Lleal S.A.U.","description":"Experiencia e innovaci\u00f3n al servicio de la industria de proceso","publisher":{"@id":"https:\/\/www.lleal.com\/ca\/#organization"},"potentialAction":[{"@type":"SearchAction","target":{"@type":"EntryPoint","urlTemplate":"https:\/\/www.lleal.com\/ca\/?s={search_term_string}"},"query-input":{"@type":"PropertyValueSpecification","valueRequired":true,"valueName":"search_term_string"}}],"inLanguage":"ca"},{"@type":"Organization","@id":"https:\/\/www.lleal.com\/ca\/#organization","name":"Lleal S.A.U.","url":"https:\/\/www.lleal.com\/ca\/","logo":{"@type":"ImageObject","inLanguage":"ca","@id":"https:\/\/www.lleal.com\/ca\/#\/schema\/logo\/image\/","url":"https:\/\/www.lleal.com\/wp-content\/uploads\/2022\/07\/LOGO-LLEAL-BLACK-CLAIM-1.png","contentUrl":"https:\/\/www.lleal.com\/wp-content\/uploads\/2022\/07\/LOGO-LLEAL-BLACK-CLAIM-1.png","width":116,"height":70,"caption":"Lleal S.A.U."},"image":{"@id":"https:\/\/www.lleal.com\/ca\/#\/schema\/logo\/image\/"}},{"@type":"Person","@id":"https:\/\/www.lleal.com\/ca\/#\/schema\/person\/961af9dee851257c7f77d8235e0018c0","name":"Emi","image":{"@type":"ImageObject","inLanguage":"ca","@id":"https:\/\/secure.gravatar.com\/avatar\/d003a4668b5273301767e94969a212ad8dafc02f2d764a1bd5500ebcea768716?s=96&d=mm&r=g","url":"https:\/\/secure.gravatar.com\/avatar\/d003a4668b5273301767e94969a212ad8dafc02f2d764a1bd5500ebcea768716?s=96&d=mm&r=g","contentUrl":"https:\/\/secure.gravatar.com\/avatar\/d003a4668b5273301767e94969a212ad8dafc02f2d764a1bd5500ebcea768716?s=96&d=mm&r=g","caption":"Emi"}}]}},"_links":{"self":[{"href":"https:\/\/www.lleal.com\/ca\/wp-json\/wp\/v2\/posts\/38400","targetHints":{"allow":["GET"]}}],"collection":[{"href":"https:\/\/www.lleal.com\/ca\/wp-json\/wp\/v2\/posts"}],"about":[{"href":"https:\/\/www.lleal.com\/ca\/wp-json\/wp\/v2\/types\/post"}],"author":[{"embeddable":true,"href":"https:\/\/www.lleal.com\/ca\/wp-json\/wp\/v2\/users\/3"}],"replies":[{"embeddable":true,"href":"https:\/\/www.lleal.com\/ca\/wp-json\/wp\/v2\/comments?post=38400"}],"version-history":[{"count":0,"href":"https:\/\/www.lleal.com\/ca\/wp-json\/wp\/v2\/posts\/38400\/revisions"}],"wp:featuredmedia":[{"embeddable":true,"href":"https:\/\/www.lleal.com\/ca\/wp-json\/wp\/v2\/media\/38394"}],"wp:attachment":[{"href":"https:\/\/www.lleal.com\/ca\/wp-json\/wp\/v2\/media?parent=38400"}],"wp:term":[{"taxonomy":"category","embeddable":true,"href":"https:\/\/www.lleal.com\/ca\/wp-json\/wp\/v2\/categories?post=38400"},{"taxonomy":"post_tag","embeddable":true,"href":"https:\/\/www.lleal.com\/ca\/wp-json\/wp\/v2\/tags?post=38400"}],"curies":[{"name":"wp","href":"https:\/\/api.w.org\/{rel}","templated":true}]}}