{"id":38269,"date":"2022-03-17T15:04:18","date_gmt":"2022-03-17T14:04:18","guid":{"rendered":"https:\/\/www.lleal.com\/?p=38269"},"modified":"2022-03-17T15:04:18","modified_gmt":"2022-03-17T14:04:18","slug":"lleal-primer-patrocinador-oficial-de-la-seccio-de-natacio-del-club-de-natacio-de-granollers","status":"publish","type":"post","link":"https:\/\/www.lleal.com\/ca\/lleal-primer-patrocinador-oficial-de-la-seccio-de-natacio-del-club-de-natacio-de-granollers\/","title":{"rendered":"Lleal, primer patrocinador oficial de la secci\u00f3 de nataci\u00f3 del Club de Nataci\u00f3 de Granollers"},"content":{"rendered":"<h3>La marca Lleal figurar\u00e0 en totes les competicions en les quals participi l&#8217;equip de nataci\u00f3 de Granollers<\/h3>\n<p style=\"text-align: justify;\"><strong>Granollers, 17 de mar\u00e7 de 2022. <\/strong> LLleal ha signat un acord per dos anys amb el <a href=\"https:\/\/cngranollers.org\/\" target=\"_blank\" rel=\"noopener noreferrer\">CNG<\/a>, convertint-se aix\u00ed en el primer patrocinador oficial de la secci\u00f3 de nataci\u00f3 en la hist\u00f2ria del club.<\/p>\n<p style=\"text-align: justify;\">L&#8217;acord es va signar el passat 10 de mar\u00e7 en les nostres instal\u00b7lacions, entre el president del Club, el Sr. Eduard Escandell, i la consellera delegada de Lleal, Rosa Maria Lleal.<\/p>\n<p style=\"text-align: justify;\">Durant la signatura de l&#8217;acord, el president del CNG, el Sr. Escandell, va destacar la \u201cconst\u00e0ncia, el treball dia a dia i el saber fer\u201d com els principals valors que caracteritzen Lleal, que s\u00f3n comuns amb els del club i determinants en la pr\u00e0ctica esportiva en general.<\/p>\n<figure id=\"attachment_38261\" aria-describedby=\"caption-attachment-38261\" style=\"width: 800px\" class=\"wp-caption aligncenter\"><img fetchpriority=\"high\" decoding=\"async\" class=\"wp-image-38261 size-large\" src=\"https:\/\/www.lleal.com\/wp-content\/uploads\/2022\/03\/P1040061-800x450.jpg\" alt=\"Presentaci\u00f3 de la samarreta del club. Instal\u00b7lacions de Lleal.\" width=\"800\" height=\"450\" \/><figcaption id=\"caption-attachment-38261\" class=\"wp-caption-text\">Presentaci\u00f3 de la samarreta del club. Instal\u00b7lacions de Lleal.<\/figcaption><\/figure>\n<p style=\"text-align: justify;\">Amb aquest acord, Lleal vol refor\u00e7ar els lla\u00e7os i el comprom\u00eds social amb la ciutat i amb la comarca del Vall\u00e8s Oriental, amb la qual, des de fa anys contribu\u00efm amb <a href=\"\/?p=38171\">accions formatives<\/a> als joves.<\/p>\n<p style=\"text-align: justify;\">Amb tu, promovent l&#8217;esport<\/p>\n<p><a href=\"https:\/\/www.somgranollers.cat\/noticia\/79963\/lleal-primer-patrocinador-oficial-de-la-seccio-de-natacio-del-cng\">Lleal, primer patrocinador oficial de la secci\u00f3 de nataci\u00f3 del CNG &#8211; somGranollers<\/a><\/p>\n<p><a href=\"https:\/\/www.youtube.com\/watch?v=lVXjbzFMi44\">VOTV &#8211; Lleal, primer patrocinador de la hist\u00f2ria de la secci\u00f3 de nataci\u00f3 &#8211; YouTube<\/a><\/p>\n<p>&nbsp;<\/p>\n","protected":false},"excerpt":{"rendered":"<p>La marca Lleal figurar\u00e0 en totes les competicions en les quals participi l&#8217;equip de nataci\u00f3 de Granollers Granollers, 17 de mar\u00e7 de 2022. LLleal ha signat un acord per dos anys amb el CNG, convertint-se aix\u00ed en el primer patrocinador oficial de la secci\u00f3 de nataci\u00f3 en la hist\u00f2ria del club. L&#8217;acord es va signar [&hellip;]<\/p>\n","protected":false},"author":3,"featured_media":38257,"comment_status":"open","ping_status":"open","sticky":false,"template":"","format":"standard","meta":{"_acf_changed":false,"footnotes":""},"categories":[178],"tags":[],"class_list":["post-38269","post","type-post","status-publish","format-standard","has-post-thumbnail","hentry","category-noticies"],"acf":[],"yoast_head":"<!-- This site is optimized with the Yoast SEO Premium plugin v23.8 (Yoast SEO v27.5) - https:\/\/yoast.com\/product\/yoast-seo-premium-wordpress\/ -->\n<title>Lleal, primer patrocinador oficial de la secci\u00f3 de nataci\u00f3 del CNG<\/title>\n<meta name=\"description\" content=\"Lleal, primer patrocinador oficial de la secci\u00f3 de nataci\u00f3 del CNG. Lleal figurar\u00e0 en totes les competicions en les quals participi l&#039;equip de nataci\u00f3 de Granollers\" \/>\n<meta name=\"robots\" content=\"noindex, follow\" \/>\n<meta property=\"og:locale\" content=\"ca_ES\" \/>\n<meta property=\"og:type\" content=\"article\" \/>\n<meta property=\"og:title\" content=\"Lleal, primer patrocinador oficial de la secci\u00f3 de nataci\u00f3 del Club de Nataci\u00f3 de Granollers\" \/>\n<meta property=\"og:description\" content=\"Lleal, primer patrocinador oficial de la secci\u00f3 de nataci\u00f3 del CNG. Lleal figurar\u00e0 en totes les competicions en les quals participi l&#039;equip de nataci\u00f3 de Granollers\" \/>\n<meta property=\"og:url\" content=\"https:\/\/www.lleal.com\/ca\/lleal-primer-patrocinador-oficial-de-la-seccio-de-natacio-del-club-de-natacio-de-granollers\/\" \/>\n<meta property=\"og:site_name\" content=\"Lleal S.A.U.\" \/>\n<meta property=\"article:published_time\" content=\"2022-03-17T14:04:18+00:00\" \/>\n<meta property=\"og:image\" content=\"https:\/\/www.lleal.com\/wp-content\/uploads\/2022\/03\/P1040090-1.jpg\" \/>\n\t<meta property=\"og:image:width\" content=\"1200\" \/>\n\t<meta property=\"og:image:height\" content=\"675\" \/>\n\t<meta property=\"og:image:type\" content=\"image\/jpeg\" \/>\n<meta name=\"author\" content=\"Emi\" \/>\n<meta name=\"twitter:card\" content=\"summary_large_image\" \/>\n<meta name=\"twitter:label1\" content=\"Escrit per\" \/>\n\t<meta name=\"twitter:data1\" content=\"Emi\" \/>\n\t<meta name=\"twitter:label2\" content=\"Temps estimat de lectura\" \/>\n\t<meta name=\"twitter:data2\" content=\"1 minut\" \/>\n<!-- \/ Yoast SEO Premium plugin. -->","yoast_head_json":{"title":"Lleal, primer patrocinador oficial de la secci\u00f3 de nataci\u00f3 del CNG","description":"Lleal, primer patrocinador oficial de la secci\u00f3 de nataci\u00f3 del CNG. Lleal figurar\u00e0 en totes les competicions en les quals participi l'equip de nataci\u00f3 de Granollers","robots":{"index":"noindex","follow":"follow"},"og_locale":"ca_ES","og_type":"article","og_title":"Lleal, primer patrocinador oficial de la secci\u00f3 de nataci\u00f3 del Club de Nataci\u00f3 de Granollers","og_description":"Lleal, primer patrocinador oficial de la secci\u00f3 de nataci\u00f3 del CNG. Lleal figurar\u00e0 en totes les competicions en les quals participi l'equip de nataci\u00f3 de Granollers","og_url":"https:\/\/www.lleal.com\/ca\/lleal-primer-patrocinador-oficial-de-la-seccio-de-natacio-del-club-de-natacio-de-granollers\/","og_site_name":"Lleal S.A.U.","article_published_time":"2022-03-17T14:04:18+00:00","og_image":[{"width":1200,"height":675,"url":"https:\/\/www.lleal.com\/wp-content\/uploads\/2022\/03\/P1040090-1.jpg","type":"image\/jpeg"}],"author":"Emi","twitter_card":"summary_large_image","twitter_misc":{"Escrit per":"Emi","Temps estimat de lectura":"1 minut"},"schema":{"@context":"https:\/\/schema.org","@graph":[{"@type":"Article","@id":"https:\/\/www.lleal.com\/ca\/lleal-primer-patrocinador-oficial-de-la-seccio-de-natacio-del-club-de-natacio-de-granollers\/#article","isPartOf":{"@id":"https:\/\/www.lleal.com\/ca\/lleal-primer-patrocinador-oficial-de-la-seccio-de-natacio-del-club-de-natacio-de-granollers\/"},"author":{"name":"Emi","@id":"https:\/\/www.lleal.com\/ca\/#\/schema\/person\/961af9dee851257c7f77d8235e0018c0"},"headline":"Lleal, primer patrocinador oficial de la secci\u00f3 de nataci\u00f3 del Club de Nataci\u00f3 de Granollers","datePublished":"2022-03-17T14:04:18+00:00","mainEntityOfPage":{"@id":"https:\/\/www.lleal.com\/ca\/lleal-primer-patrocinador-oficial-de-la-seccio-de-natacio-del-club-de-natacio-de-granollers\/"},"wordCount":241,"commentCount":0,"publisher":{"@id":"https:\/\/www.lleal.com\/ca\/#organization"},"image":{"@id":"https:\/\/www.lleal.com\/ca\/lleal-primer-patrocinador-oficial-de-la-seccio-de-natacio-del-club-de-natacio-de-granollers\/#primaryimage"},"thumbnailUrl":"https:\/\/www.lleal.com\/wp-content\/uploads\/2022\/03\/P1040090-1.jpg","articleSection":["Noticies"],"inLanguage":"ca"},{"@type":"WebPage","@id":"https:\/\/www.lleal.com\/ca\/lleal-primer-patrocinador-oficial-de-la-seccio-de-natacio-del-club-de-natacio-de-granollers\/","url":"https:\/\/www.lleal.com\/ca\/lleal-primer-patrocinador-oficial-de-la-seccio-de-natacio-del-club-de-natacio-de-granollers\/","name":"Lleal, primer patrocinador oficial de la secci\u00f3 de nataci\u00f3 del CNG","isPartOf":{"@id":"https:\/\/www.lleal.com\/ca\/#website"},"primaryImageOfPage":{"@id":"https:\/\/www.lleal.com\/ca\/lleal-primer-patrocinador-oficial-de-la-seccio-de-natacio-del-club-de-natacio-de-granollers\/#primaryimage"},"image":{"@id":"https:\/\/www.lleal.com\/ca\/lleal-primer-patrocinador-oficial-de-la-seccio-de-natacio-del-club-de-natacio-de-granollers\/#primaryimage"},"thumbnailUrl":"https:\/\/www.lleal.com\/wp-content\/uploads\/2022\/03\/P1040090-1.jpg","datePublished":"2022-03-17T14:04:18+00:00","description":"Lleal, primer patrocinador oficial de la secci\u00f3 de nataci\u00f3 del CNG. Lleal figurar\u00e0 en totes les competicions en les quals participi l'equip de nataci\u00f3 de Granollers","breadcrumb":{"@id":"https:\/\/www.lleal.com\/ca\/lleal-primer-patrocinador-oficial-de-la-seccio-de-natacio-del-club-de-natacio-de-granollers\/#breadcrumb"},"inLanguage":"ca","potentialAction":[{"@type":"ReadAction","target":["https:\/\/www.lleal.com\/ca\/lleal-primer-patrocinador-oficial-de-la-seccio-de-natacio-del-club-de-natacio-de-granollers\/"]}]},{"@type":"ImageObject","inLanguage":"ca","@id":"https:\/\/www.lleal.com\/ca\/lleal-primer-patrocinador-oficial-de-la-seccio-de-natacio-del-club-de-natacio-de-granollers\/#primaryimage","url":"https:\/\/www.lleal.com\/wp-content\/uploads\/2022\/03\/P1040090-1.jpg","contentUrl":"https:\/\/www.lleal.com\/wp-content\/uploads\/2022\/03\/P1040090-1.jpg","width":1200,"height":675,"caption":"La consellera delegada de Lleal, Rosa Maria Lleal, i el president del CNG, Eduard Escandell"},{"@type":"BreadcrumbList","@id":"https:\/\/www.lleal.com\/ca\/lleal-primer-patrocinador-oficial-de-la-seccio-de-natacio-del-club-de-natacio-de-granollers\/#breadcrumb","itemListElement":[{"@type":"ListItem","position":1,"name":"Portada","item":"https:\/\/www.lleal.com\/ca\/"},{"@type":"ListItem","position":2,"name":"Lleal, primer patrocinador oficial de la secci\u00f3 de nataci\u00f3 del Club de Nataci\u00f3 de Granollers"}]},{"@type":"WebSite","@id":"https:\/\/www.lleal.com\/ca\/#website","url":"https:\/\/www.lleal.com\/ca\/","name":"Lleal S.A.U.","description":"Experiencia e innovaci\u00f3n al servicio de la industria de proceso","publisher":{"@id":"https:\/\/www.lleal.com\/ca\/#organization"},"potentialAction":[{"@type":"SearchAction","target":{"@type":"EntryPoint","urlTemplate":"https:\/\/www.lleal.com\/ca\/?s={search_term_string}"},"query-input":{"@type":"PropertyValueSpecification","valueRequired":true,"valueName":"search_term_string"}}],"inLanguage":"ca"},{"@type":"Organization","@id":"https:\/\/www.lleal.com\/ca\/#organization","name":"Lleal S.A.U.","url":"https:\/\/www.lleal.com\/ca\/","logo":{"@type":"ImageObject","inLanguage":"ca","@id":"https:\/\/www.lleal.com\/ca\/#\/schema\/logo\/image\/","url":"https:\/\/www.lleal.com\/wp-content\/uploads\/2022\/07\/LOGO-LLEAL-BLACK-CLAIM-1.png","contentUrl":"https:\/\/www.lleal.com\/wp-content\/uploads\/2022\/07\/LOGO-LLEAL-BLACK-CLAIM-1.png","width":116,"height":70,"caption":"Lleal S.A.U."},"image":{"@id":"https:\/\/www.lleal.com\/ca\/#\/schema\/logo\/image\/"}},{"@type":"Person","@id":"https:\/\/www.lleal.com\/ca\/#\/schema\/person\/961af9dee851257c7f77d8235e0018c0","name":"Emi","image":{"@type":"ImageObject","inLanguage":"ca","@id":"https:\/\/secure.gravatar.com\/avatar\/d003a4668b5273301767e94969a212ad8dafc02f2d764a1bd5500ebcea768716?s=96&d=mm&r=g","url":"https:\/\/secure.gravatar.com\/avatar\/d003a4668b5273301767e94969a212ad8dafc02f2d764a1bd5500ebcea768716?s=96&d=mm&r=g","contentUrl":"https:\/\/secure.gravatar.com\/avatar\/d003a4668b5273301767e94969a212ad8dafc02f2d764a1bd5500ebcea768716?s=96&d=mm&r=g","caption":"Emi"}}]}},"_links":{"self":[{"href":"https:\/\/www.lleal.com\/ca\/wp-json\/wp\/v2\/posts\/38269","targetHints":{"allow":["GET"]}}],"collection":[{"href":"https:\/\/www.lleal.com\/ca\/wp-json\/wp\/v2\/posts"}],"about":[{"href":"https:\/\/www.lleal.com\/ca\/wp-json\/wp\/v2\/types\/post"}],"author":[{"embeddable":true,"href":"https:\/\/www.lleal.com\/ca\/wp-json\/wp\/v2\/users\/3"}],"replies":[{"embeddable":true,"href":"https:\/\/www.lleal.com\/ca\/wp-json\/wp\/v2\/comments?post=38269"}],"version-history":[{"count":0,"href":"https:\/\/www.lleal.com\/ca\/wp-json\/wp\/v2\/posts\/38269\/revisions"}],"wp:featuredmedia":[{"embeddable":true,"href":"https:\/\/www.lleal.com\/ca\/wp-json\/wp\/v2\/media\/38257"}],"wp:attachment":[{"href":"https:\/\/www.lleal.com\/ca\/wp-json\/wp\/v2\/media?parent=38269"}],"wp:term":[{"taxonomy":"category","embeddable":true,"href":"https:\/\/www.lleal.com\/ca\/wp-json\/wp\/v2\/categories?post=38269"},{"taxonomy":"post_tag","embeddable":true,"href":"https:\/\/www.lleal.com\/ca\/wp-json\/wp\/v2\/tags?post=38269"}],"curies":[{"name":"wp","href":"https:\/\/api.w.org\/{rel}","templated":true}]}}