{"id":38087,"date":"2021-11-22T10:56:09","date_gmt":"2021-11-22T09:56:09","guid":{"rendered":"https:\/\/www.lleal.com\/?p=38087"},"modified":"2021-11-22T10:56:09","modified_gmt":"2021-11-22T09:56:09","slug":"lleal-compromesos-amb-la-formacio-de-joves-estudiants","status":"publish","type":"post","link":"https:\/\/www.lleal.com\/ca\/lleal-compromesos-amb-la-formacio-de-joves-estudiants\/","title":{"rendered":"Lleal, compromesos amb la formaci\u00f3 de joves estudiants"},"content":{"rendered":"<h3>Lleal repr\u00e8n les visites formatives d&#8217;estudiant en cicles formatius<\/h3>\n<p style=\"text-align: justify;\"><strong>Granollers, 22 de Novembre de 2021.<\/strong> Despr\u00e9s de m\u00e9s d&#8217;un any d&#8217;obligada suspensi\u00f3 de les visites formatives de joves estudiants, per fi aquest mes de novembre Lleal ha pogut reprendre aquestes jornades amb alumnes de dos centres formatius.<\/p>\n<p style=\"text-align: justify;\">Des de fa ja diversos anys com a part de la seva pol\u00edtica de responsabilitat social corporativa, Lleal aposta per la formaci\u00f3 dels estudiants, fomentant aquestes visites formatives, aix\u00ed com brindant l&#8217;oportunitat als instituts de tenir alumnes en pr\u00e0ctiques.<\/p>\n<p style=\"text-align: justify;\">Durant aquest mes hem rebut a un grup d&#8217;estudiants del cicle formatiu de grau mitj\u00e0 de Planta Qu\u00edmica del Institut de Terrassa i a altres dos grups del cicle de grau superior de Fabricaci\u00f3 de productes farmac\u00e8utics i afins del Institut La Rom\u00e0nica.<\/p>\n<figure id=\"attachment_38075\" aria-describedby=\"caption-attachment-38075\" style=\"width: 300px\" class=\"wp-caption aligncenter\"><img fetchpriority=\"high\" decoding=\"async\" class=\"wp-image-38075 size-medium\" src=\"https:\/\/www.lleal.com\/wp-content\/uploads\/2021\/11\/IMG_2599-300x200.jpg\" alt=\"Alumnes de l'Institut La Rom\u00e0nica\" width=\"300\" height=\"200\" srcset=\"https:\/\/www.lleal.com\/wp-content\/uploads\/2021\/11\/IMG_2599-300x200.jpg 300w, https:\/\/www.lleal.com\/wp-content\/uploads\/2021\/11\/IMG_2599-1024x683.jpg 1024w, https:\/\/www.lleal.com\/wp-content\/uploads\/2021\/11\/IMG_2599-768x512.jpg 768w, https:\/\/www.lleal.com\/wp-content\/uploads\/2021\/11\/IMG_2599.jpg 1200w\" sizes=\"(max-width: 300px) 100vw, 300px\" \/><figcaption id=\"caption-attachment-38075\" class=\"wp-caption-text\">Alumnes de l&#8217;Institut La Rom\u00e0nica<\/figcaption><\/figure>\n<p style=\"text-align: justify;\">L&#8217;objectiu dels docents d&#8217;aquests centres era veure in situ quals s\u00f3n els equips de proc\u00e9s utilitzats en els sectors qu\u00edmic i farmac\u00e8utic i el seu funcionament. Per a aix\u00f2 la visita es va organitzar en dues parts: durant la primera, un dels nostres t\u00e8cnics comercials va impartir una confer\u00e8ncia centrada en la maquin\u00e0ria que Lleal dissenya i fabrica per a cobrir els principals processos productius en aquests sectors. Durant aquesta primera part, els alumnes van realitzar tamb\u00e9 un tour per la nostra planta de producci\u00f3 on van poder veure detalladament alguns dels equips en els quals actualment estem treballant.<\/p>\n<p style=\"text-align: justify;\">La segona part va estar a c\u00e0rrec d&#8217;un dels nostres t\u00e8cnics de laboratori que a m\u00e9s de mostrar-los les nostres versions de maquin\u00e0ria per a planta pilot i laboratori, va realitzar un exercici pr\u00e0ctic de fabricaci\u00f3 i envasament d&#8217;una crema de mans.<\/p>\n<figure id=\"attachment_38070\" aria-describedby=\"caption-attachment-38070\" style=\"width: 300px\" class=\"wp-caption aligncenter\"><img decoding=\"async\" class=\"wp-image-38070 size-medium\" src=\"https:\/\/www.lleal.com\/wp-content\/uploads\/2021\/11\/IMG_2350-300x200.jpg\" alt=\"Alumnes de l'Institut de Terrassa\" width=\"300\" height=\"200\" srcset=\"https:\/\/www.lleal.com\/wp-content\/uploads\/2021\/11\/IMG_2350-300x200.jpg 300w, https:\/\/www.lleal.com\/wp-content\/uploads\/2021\/11\/IMG_2350-1024x683.jpg 1024w, https:\/\/www.lleal.com\/wp-content\/uploads\/2021\/11\/IMG_2350-768x512.jpg 768w, https:\/\/www.lleal.com\/wp-content\/uploads\/2021\/11\/IMG_2350.jpg 1200w\" sizes=\"(max-width: 300px) 100vw, 300px\" \/><figcaption id=\"caption-attachment-38070\" class=\"wp-caption-text\">Alumnes de l&#8217;Institut de Terrassa<\/figcaption><\/figure>\n<p style=\"text-align: justify;\">Tant els alumnes com el professorat que els acompanya ens van transmetre la import\u00e0ncia d&#8217;aquestes visites per a la formaci\u00f3 d&#8217;estudiants en les quals poden ampliar coneixements de diferents processos i sobretot, con\u00e8ixer detalls concrets dels equips amb els quals en un futur treballaran.<\/p>\n","protected":false},"excerpt":{"rendered":"<p>Lleal repr\u00e8n les visites formatives d&#8217;estudiant en cicles formatius Granollers, 22 de Novembre de 2021. Despr\u00e9s de m\u00e9s d&#8217;un any d&#8217;obligada suspensi\u00f3 de les visites formatives de joves estudiants, per fi aquest mes de novembre Lleal ha pogut reprendre aquestes jornades amb alumnes de dos centres formatius. Des de fa ja diversos anys com a [&hellip;]<\/p>\n","protected":false},"author":3,"featured_media":38080,"comment_status":"open","ping_status":"open","sticky":false,"template":"","format":"standard","meta":{"_acf_changed":false,"footnotes":""},"categories":[178],"tags":[],"class_list":["post-38087","post","type-post","status-publish","format-standard","has-post-thumbnail","hentry","category-noticies"],"acf":[],"yoast_head":"<!-- This site is optimized with the Yoast SEO Premium plugin v23.8 (Yoast SEO v27.5) - https:\/\/yoast.com\/product\/yoast-seo-premium-wordpress\/ -->\n<title>Lleal, compromesos amb la formaci\u00f3 de joves estudiants - Lleal S.A.U.<\/title>\n<meta name=\"robots\" content=\"noindex, follow\" \/>\n<meta property=\"og:locale\" content=\"ca_ES\" \/>\n<meta property=\"og:type\" content=\"article\" \/>\n<meta property=\"og:title\" content=\"Lleal, compromesos amb la formaci\u00f3 de joves estudiants\" \/>\n<meta property=\"og:description\" content=\"Lleal repr\u00e8n les visites formatives d&#8217;estudiant en cicles formatius Granollers, 22 de Novembre de 2021. Despr\u00e9s de m\u00e9s d&#8217;un any d&#8217;obligada suspensi\u00f3 de les visites formatives de joves estudiants, per fi aquest mes de novembre Lleal ha pogut reprendre aquestes jornades amb alumnes de dos centres formatius. Des de fa ja diversos anys com a [&hellip;]\" \/>\n<meta property=\"og:url\" content=\"https:\/\/www.lleal.com\/ca\/lleal-compromesos-amb-la-formacio-de-joves-estudiants\/\" \/>\n<meta property=\"og:site_name\" content=\"Lleal S.A.U.\" \/>\n<meta property=\"article:published_time\" content=\"2021-11-22T09:56:09+00:00\" \/>\n<meta property=\"og:image\" content=\"https:\/\/www.lleal.com\/wp-content\/uploads\/2021\/11\/IMG_2601.jpg\" \/>\n\t<meta property=\"og:image:width\" content=\"1200\" \/>\n\t<meta property=\"og:image:height\" content=\"800\" \/>\n\t<meta property=\"og:image:type\" content=\"image\/jpeg\" \/>\n<meta name=\"author\" content=\"Emi\" \/>\n<meta name=\"twitter:card\" content=\"summary_large_image\" \/>\n<meta name=\"twitter:label1\" content=\"Escrit per\" \/>\n\t<meta name=\"twitter:data1\" content=\"Emi\" \/>\n\t<meta name=\"twitter:label2\" content=\"Temps estimat de lectura\" \/>\n\t<meta name=\"twitter:data2\" content=\"2 minuts\" \/>\n<!-- \/ Yoast SEO Premium plugin. -->","yoast_head_json":{"title":"Lleal, compromesos amb la formaci\u00f3 de joves estudiants - Lleal S.A.U.","robots":{"index":"noindex","follow":"follow"},"og_locale":"ca_ES","og_type":"article","og_title":"Lleal, compromesos amb la formaci\u00f3 de joves estudiants","og_description":"Lleal repr\u00e8n les visites formatives d&#8217;estudiant en cicles formatius Granollers, 22 de Novembre de 2021. Despr\u00e9s de m\u00e9s d&#8217;un any d&#8217;obligada suspensi\u00f3 de les visites formatives de joves estudiants, per fi aquest mes de novembre Lleal ha pogut reprendre aquestes jornades amb alumnes de dos centres formatius. Des de fa ja diversos anys com a [&hellip;]","og_url":"https:\/\/www.lleal.com\/ca\/lleal-compromesos-amb-la-formacio-de-joves-estudiants\/","og_site_name":"Lleal S.A.U.","article_published_time":"2021-11-22T09:56:09+00:00","og_image":[{"width":1200,"height":800,"url":"https:\/\/www.lleal.com\/wp-content\/uploads\/2021\/11\/IMG_2601.jpg","type":"image\/jpeg"}],"author":"Emi","twitter_card":"summary_large_image","twitter_misc":{"Escrit per":"Emi","Temps estimat de lectura":"2 minuts"},"schema":{"@context":"https:\/\/schema.org","@graph":[{"@type":"Article","@id":"https:\/\/www.lleal.com\/ca\/lleal-compromesos-amb-la-formacio-de-joves-estudiants\/#article","isPartOf":{"@id":"https:\/\/www.lleal.com\/ca\/lleal-compromesos-amb-la-formacio-de-joves-estudiants\/"},"author":{"name":"Emi","@id":"https:\/\/www.lleal.com\/ca\/#\/schema\/person\/961af9dee851257c7f77d8235e0018c0"},"headline":"Lleal, compromesos amb la formaci\u00f3 de joves estudiants","datePublished":"2021-11-22T09:56:09+00:00","mainEntityOfPage":{"@id":"https:\/\/www.lleal.com\/ca\/lleal-compromesos-amb-la-formacio-de-joves-estudiants\/"},"wordCount":380,"commentCount":0,"publisher":{"@id":"https:\/\/www.lleal.com\/ca\/#organization"},"image":{"@id":"https:\/\/www.lleal.com\/ca\/lleal-compromesos-amb-la-formacio-de-joves-estudiants\/#primaryimage"},"thumbnailUrl":"https:\/\/www.lleal.com\/wp-content\/uploads\/2021\/11\/IMG_2601.jpg","articleSection":["Noticies"],"inLanguage":"ca"},{"@type":"WebPage","@id":"https:\/\/www.lleal.com\/ca\/lleal-compromesos-amb-la-formacio-de-joves-estudiants\/","url":"https:\/\/www.lleal.com\/ca\/lleal-compromesos-amb-la-formacio-de-joves-estudiants\/","name":"Lleal, compromesos amb la formaci\u00f3 de joves estudiants - Lleal S.A.U.","isPartOf":{"@id":"https:\/\/www.lleal.com\/ca\/#website"},"primaryImageOfPage":{"@id":"https:\/\/www.lleal.com\/ca\/lleal-compromesos-amb-la-formacio-de-joves-estudiants\/#primaryimage"},"image":{"@id":"https:\/\/www.lleal.com\/ca\/lleal-compromesos-amb-la-formacio-de-joves-estudiants\/#primaryimage"},"thumbnailUrl":"https:\/\/www.lleal.com\/wp-content\/uploads\/2021\/11\/IMG_2601.jpg","datePublished":"2021-11-22T09:56:09+00:00","breadcrumb":{"@id":"https:\/\/www.lleal.com\/ca\/lleal-compromesos-amb-la-formacio-de-joves-estudiants\/#breadcrumb"},"inLanguage":"ca","potentialAction":[{"@type":"ReadAction","target":["https:\/\/www.lleal.com\/ca\/lleal-compromesos-amb-la-formacio-de-joves-estudiants\/"]}]},{"@type":"ImageObject","inLanguage":"ca","@id":"https:\/\/www.lleal.com\/ca\/lleal-compromesos-amb-la-formacio-de-joves-estudiants\/#primaryimage","url":"https:\/\/www.lleal.com\/wp-content\/uploads\/2021\/11\/IMG_2601.jpg","contentUrl":"https:\/\/www.lleal.com\/wp-content\/uploads\/2021\/11\/IMG_2601.jpg","width":1200,"height":800},{"@type":"BreadcrumbList","@id":"https:\/\/www.lleal.com\/ca\/lleal-compromesos-amb-la-formacio-de-joves-estudiants\/#breadcrumb","itemListElement":[{"@type":"ListItem","position":1,"name":"Portada","item":"https:\/\/www.lleal.com\/ca\/"},{"@type":"ListItem","position":2,"name":"Lleal, compromesos amb la formaci\u00f3 de joves estudiants"}]},{"@type":"WebSite","@id":"https:\/\/www.lleal.com\/ca\/#website","url":"https:\/\/www.lleal.com\/ca\/","name":"Lleal S.A.U.","description":"Experiencia e innovaci\u00f3n al servicio de la industria de proceso","publisher":{"@id":"https:\/\/www.lleal.com\/ca\/#organization"},"potentialAction":[{"@type":"SearchAction","target":{"@type":"EntryPoint","urlTemplate":"https:\/\/www.lleal.com\/ca\/?s={search_term_string}"},"query-input":{"@type":"PropertyValueSpecification","valueRequired":true,"valueName":"search_term_string"}}],"inLanguage":"ca"},{"@type":"Organization","@id":"https:\/\/www.lleal.com\/ca\/#organization","name":"Lleal S.A.U.","url":"https:\/\/www.lleal.com\/ca\/","logo":{"@type":"ImageObject","inLanguage":"ca","@id":"https:\/\/www.lleal.com\/ca\/#\/schema\/logo\/image\/","url":"https:\/\/www.lleal.com\/wp-content\/uploads\/2022\/07\/LOGO-LLEAL-BLACK-CLAIM-1.png","contentUrl":"https:\/\/www.lleal.com\/wp-content\/uploads\/2022\/07\/LOGO-LLEAL-BLACK-CLAIM-1.png","width":116,"height":70,"caption":"Lleal S.A.U."},"image":{"@id":"https:\/\/www.lleal.com\/ca\/#\/schema\/logo\/image\/"}},{"@type":"Person","@id":"https:\/\/www.lleal.com\/ca\/#\/schema\/person\/961af9dee851257c7f77d8235e0018c0","name":"Emi","image":{"@type":"ImageObject","inLanguage":"ca","@id":"https:\/\/secure.gravatar.com\/avatar\/d003a4668b5273301767e94969a212ad8dafc02f2d764a1bd5500ebcea768716?s=96&d=mm&r=g","url":"https:\/\/secure.gravatar.com\/avatar\/d003a4668b5273301767e94969a212ad8dafc02f2d764a1bd5500ebcea768716?s=96&d=mm&r=g","contentUrl":"https:\/\/secure.gravatar.com\/avatar\/d003a4668b5273301767e94969a212ad8dafc02f2d764a1bd5500ebcea768716?s=96&d=mm&r=g","caption":"Emi"}}]}},"_links":{"self":[{"href":"https:\/\/www.lleal.com\/ca\/wp-json\/wp\/v2\/posts\/38087","targetHints":{"allow":["GET"]}}],"collection":[{"href":"https:\/\/www.lleal.com\/ca\/wp-json\/wp\/v2\/posts"}],"about":[{"href":"https:\/\/www.lleal.com\/ca\/wp-json\/wp\/v2\/types\/post"}],"author":[{"embeddable":true,"href":"https:\/\/www.lleal.com\/ca\/wp-json\/wp\/v2\/users\/3"}],"replies":[{"embeddable":true,"href":"https:\/\/www.lleal.com\/ca\/wp-json\/wp\/v2\/comments?post=38087"}],"version-history":[{"count":0,"href":"https:\/\/www.lleal.com\/ca\/wp-json\/wp\/v2\/posts\/38087\/revisions"}],"wp:featuredmedia":[{"embeddable":true,"href":"https:\/\/www.lleal.com\/ca\/wp-json\/wp\/v2\/media\/38080"}],"wp:attachment":[{"href":"https:\/\/www.lleal.com\/ca\/wp-json\/wp\/v2\/media?parent=38087"}],"wp:term":[{"taxonomy":"category","embeddable":true,"href":"https:\/\/www.lleal.com\/ca\/wp-json\/wp\/v2\/categories?post=38087"},{"taxonomy":"post_tag","embeddable":true,"href":"https:\/\/www.lleal.com\/ca\/wp-json\/wp\/v2\/tags?post=38087"}],"curies":[{"name":"wp","href":"https:\/\/api.w.org\/{rel}","templated":true}]}}