{"id":29150,"date":"2021-10-28T14:38:07","date_gmt":"2021-10-28T12:38:07","guid":{"rendered":"https:\/\/www.lleal.com\/?p=29150"},"modified":"2021-10-28T14:38:07","modified_gmt":"2021-10-28T12:38:07","slug":"nos-vemos-en-una-nueva-edicion-de-farmaforum","status":"publish","type":"post","link":"https:\/\/www.lleal.com\/ca\/nos-vemos-en-una-nueva-edicion-de-farmaforum\/","title":{"rendered":"Ens veiem en una nova edici\u00f3 de Farmaforum"},"content":{"rendered":"<h3>Farmaforum reobre les seves portes<\/h3>\n<p style=\"text-align: justify;\"><strong>Granollers, 29 de octubre de 2021.<\/strong>Granollers, 29 d&#8217;octubre de 2021. El pr\u00f2xim 3 i 4 de novembre\u00a0Lleal\u00a0ser\u00e0 present en una nova edici\u00f3 de\u00a0Farmaforum, el f\u00f2rum m\u00e9s important a Espanya que reuneix la ind\u00fastria farmac\u00e8utica,\u00a0biofarmac\u00e9utica\u00a0i cosm\u00e8tica. La cita ser\u00e0 com sempre en el recinte de\u00a0IFEMA, Madrid.<\/p>\n<p style=\"text-align: justify;\">Aquest f\u00f2rum, celebrat anualment des de l&#8217;any 2014 compta enguany amb m\u00e9s 230 expositors i un extens llistat de visitants. Un ampli programa de confer\u00e8ncies i tallers especialitzats, fan sens dubte que\u00a0Farmaforum\u00a0sigui un esdeveniment cada vegada m\u00e9s interessant per al sector.<\/p>\n<figure id=\"attachment_23490\" aria-describedby=\"caption-attachment-23490\" style=\"width: 300px\" class=\"wp-caption aligncenter\"><img fetchpriority=\"high\" decoding=\"async\" class=\"wp-image-23490 size-medium\" src=\"https:\/\/www.lleal.com\/wp-content\/uploads\/2021\/05\/GSW-2-300x243.jpg\" alt=\"Tamisadora GSWLL en 3D en la qual s'observa el principi de funcionament de l'equip.\" width=\"300\" height=\"243\" srcset=\"https:\/\/www.lleal.com\/wp-content\/uploads\/2021\/05\/GSW-2-300x243.jpg 300w, https:\/\/www.lleal.com\/wp-content\/uploads\/2021\/05\/GSW-2-1024x828.jpg 1024w, https:\/\/www.lleal.com\/wp-content\/uploads\/2021\/05\/GSW-2-768x621.jpg 768w, https:\/\/www.lleal.com\/wp-content\/uploads\/2021\/05\/GSW-2.jpg 1200w\" sizes=\"(max-width: 300px) 100vw, 300px\" \/><figcaption id=\"caption-attachment-23490\" class=\"wp-caption-text\">Tamisadora GSWLL en 3D en la qual s&#8217;observa el principi de funcionament de l&#8217;equip.<\/figcaption><\/figure>\n<p style=\"text-align: justify;\">Us convidem a visitar-nos en el nostre estand B-33\/31, on el nostre equip t\u00e8cnic estar\u00e0 encantat de presentar-los totes les solucions t\u00e8cniques que podem oferir-los per als seus processos de fabricaci\u00f3 farmac\u00e8utica i cosm\u00e8tica.<\/p>\n","protected":false},"excerpt":{"rendered":"<p>Farmaforum reobre les seves portes Granollers, 29 de octubre de 2021.Granollers, 29 d&#8217;octubre de 2021. El pr\u00f2xim 3 i 4 de novembre\u00a0Lleal\u00a0ser\u00e0 present en una nova edici\u00f3 de\u00a0Farmaforum, el f\u00f2rum m\u00e9s important a Espanya que reuneix la ind\u00fastria farmac\u00e8utica,\u00a0biofarmac\u00e9utica\u00a0i cosm\u00e8tica. La cita ser\u00e0 com sempre en el recinte de\u00a0IFEMA, Madrid. Aquest f\u00f2rum, celebrat anualment des [&hellip;]<\/p>\n","protected":false},"author":3,"featured_media":29145,"comment_status":"open","ping_status":"open","sticky":false,"template":"","format":"standard","meta":{"_acf_changed":false,"footnotes":""},"categories":[178],"tags":[],"class_list":["post-29150","post","type-post","status-publish","format-standard","has-post-thumbnail","hentry","category-noticies"],"acf":[],"yoast_head":"<!-- This site is optimized with the Yoast SEO Premium plugin v23.8 (Yoast SEO v27.5) - https:\/\/yoast.com\/product\/yoast-seo-premium-wordpress\/ -->\n<title>Ens veiem en una nova edici\u00f3 de Farmaforum - Lleal S.A.U.<\/title>\n<meta name=\"robots\" content=\"noindex, follow\" \/>\n<meta property=\"og:locale\" content=\"ca_ES\" \/>\n<meta property=\"og:type\" content=\"article\" \/>\n<meta property=\"og:title\" content=\"Ens veiem en una nova edici\u00f3 de Farmaforum\" \/>\n<meta property=\"og:description\" content=\"Farmaforum reobre les seves portes Granollers, 29 de octubre de 2021.Granollers, 29 d&#8217;octubre de 2021. El pr\u00f2xim 3 i 4 de novembre\u00a0Lleal\u00a0ser\u00e0 present en una nova edici\u00f3 de\u00a0Farmaforum, el f\u00f2rum m\u00e9s important a Espanya que reuneix la ind\u00fastria farmac\u00e8utica,\u00a0biofarmac\u00e9utica\u00a0i cosm\u00e8tica. La cita ser\u00e0 com sempre en el recinte de\u00a0IFEMA, Madrid. Aquest f\u00f2rum, celebrat anualment des [&hellip;]\" \/>\n<meta property=\"og:url\" content=\"https:\/\/www.lleal.com\/ca\/nos-vemos-en-una-nueva-edicion-de-farmaforum\/\" \/>\n<meta property=\"og:site_name\" content=\"Lleal S.A.U.\" \/>\n<meta property=\"article:published_time\" content=\"2021-10-28T12:38:07+00:00\" \/>\n<meta property=\"og:image\" content=\"https:\/\/www.lleal.com\/wp-content\/uploads\/2021\/10\/FF400x400.jpg\" \/>\n\t<meta property=\"og:image:width\" content=\"400\" \/>\n\t<meta property=\"og:image:height\" content=\"400\" \/>\n\t<meta property=\"og:image:type\" content=\"image\/jpeg\" \/>\n<meta name=\"author\" content=\"Emi\" \/>\n<meta name=\"twitter:card\" content=\"summary_large_image\" \/>\n<meta name=\"twitter:label1\" content=\"Escrit per\" \/>\n\t<meta name=\"twitter:data1\" content=\"Emi\" \/>\n\t<meta name=\"twitter:label2\" content=\"Temps estimat de lectura\" \/>\n\t<meta name=\"twitter:data2\" content=\"1 minut\" \/>\n<!-- \/ Yoast SEO Premium plugin. -->","yoast_head_json":{"title":"Ens veiem en una nova edici\u00f3 de Farmaforum - Lleal S.A.U.","robots":{"index":"noindex","follow":"follow"},"og_locale":"ca_ES","og_type":"article","og_title":"Ens veiem en una nova edici\u00f3 de Farmaforum","og_description":"Farmaforum reobre les seves portes Granollers, 29 de octubre de 2021.Granollers, 29 d&#8217;octubre de 2021. El pr\u00f2xim 3 i 4 de novembre\u00a0Lleal\u00a0ser\u00e0 present en una nova edici\u00f3 de\u00a0Farmaforum, el f\u00f2rum m\u00e9s important a Espanya que reuneix la ind\u00fastria farmac\u00e8utica,\u00a0biofarmac\u00e9utica\u00a0i cosm\u00e8tica. La cita ser\u00e0 com sempre en el recinte de\u00a0IFEMA, Madrid. Aquest f\u00f2rum, celebrat anualment des [&hellip;]","og_url":"https:\/\/www.lleal.com\/ca\/nos-vemos-en-una-nueva-edicion-de-farmaforum\/","og_site_name":"Lleal S.A.U.","article_published_time":"2021-10-28T12:38:07+00:00","og_image":[{"width":400,"height":400,"url":"https:\/\/www.lleal.com\/wp-content\/uploads\/2021\/10\/FF400x400.jpg","type":"image\/jpeg"}],"author":"Emi","twitter_card":"summary_large_image","twitter_misc":{"Escrit per":"Emi","Temps estimat de lectura":"1 minut"},"schema":{"@context":"https:\/\/schema.org","@graph":[{"@type":"Article","@id":"https:\/\/www.lleal.com\/ca\/nos-vemos-en-una-nueva-edicion-de-farmaforum\/#article","isPartOf":{"@id":"https:\/\/www.lleal.com\/ca\/nos-vemos-en-una-nueva-edicion-de-farmaforum\/"},"author":{"name":"Emi","@id":"https:\/\/www.lleal.com\/ca\/#\/schema\/person\/961af9dee851257c7f77d8235e0018c0"},"headline":"Ens veiem en una nova edici\u00f3 de Farmaforum","datePublished":"2021-10-28T12:38:07+00:00","mainEntityOfPage":{"@id":"https:\/\/www.lleal.com\/ca\/nos-vemos-en-una-nueva-edicion-de-farmaforum\/"},"wordCount":174,"commentCount":0,"publisher":{"@id":"https:\/\/www.lleal.com\/ca\/#organization"},"image":{"@id":"https:\/\/www.lleal.com\/ca\/nos-vemos-en-una-nueva-edicion-de-farmaforum\/#primaryimage"},"thumbnailUrl":"https:\/\/www.lleal.com\/wp-content\/uploads\/2021\/10\/FF400x400.jpg","articleSection":["Noticies"],"inLanguage":"ca"},{"@type":"WebPage","@id":"https:\/\/www.lleal.com\/ca\/nos-vemos-en-una-nueva-edicion-de-farmaforum\/","url":"https:\/\/www.lleal.com\/ca\/nos-vemos-en-una-nueva-edicion-de-farmaforum\/","name":"Ens veiem en una nova edici\u00f3 de Farmaforum - Lleal S.A.U.","isPartOf":{"@id":"https:\/\/www.lleal.com\/ca\/#website"},"primaryImageOfPage":{"@id":"https:\/\/www.lleal.com\/ca\/nos-vemos-en-una-nueva-edicion-de-farmaforum\/#primaryimage"},"image":{"@id":"https:\/\/www.lleal.com\/ca\/nos-vemos-en-una-nueva-edicion-de-farmaforum\/#primaryimage"},"thumbnailUrl":"https:\/\/www.lleal.com\/wp-content\/uploads\/2021\/10\/FF400x400.jpg","datePublished":"2021-10-28T12:38:07+00:00","breadcrumb":{"@id":"https:\/\/www.lleal.com\/ca\/nos-vemos-en-una-nueva-edicion-de-farmaforum\/#breadcrumb"},"inLanguage":"ca","potentialAction":[{"@type":"ReadAction","target":["https:\/\/www.lleal.com\/ca\/nos-vemos-en-una-nueva-edicion-de-farmaforum\/"]}]},{"@type":"ImageObject","inLanguage":"ca","@id":"https:\/\/www.lleal.com\/ca\/nos-vemos-en-una-nueva-edicion-de-farmaforum\/#primaryimage","url":"https:\/\/www.lleal.com\/wp-content\/uploads\/2021\/10\/FF400x400.jpg","contentUrl":"https:\/\/www.lleal.com\/wp-content\/uploads\/2021\/10\/FF400x400.jpg","width":400,"height":400},{"@type":"BreadcrumbList","@id":"https:\/\/www.lleal.com\/ca\/nos-vemos-en-una-nueva-edicion-de-farmaforum\/#breadcrumb","itemListElement":[{"@type":"ListItem","position":1,"name":"Portada","item":"https:\/\/www.lleal.com\/ca\/"},{"@type":"ListItem","position":2,"name":"Ens veiem en una nova edici\u00f3 de Farmaforum"}]},{"@type":"WebSite","@id":"https:\/\/www.lleal.com\/ca\/#website","url":"https:\/\/www.lleal.com\/ca\/","name":"Lleal S.A.U.","description":"Experiencia e innovaci\u00f3n al servicio de la industria de proceso","publisher":{"@id":"https:\/\/www.lleal.com\/ca\/#organization"},"potentialAction":[{"@type":"SearchAction","target":{"@type":"EntryPoint","urlTemplate":"https:\/\/www.lleal.com\/ca\/?s={search_term_string}"},"query-input":{"@type":"PropertyValueSpecification","valueRequired":true,"valueName":"search_term_string"}}],"inLanguage":"ca"},{"@type":"Organization","@id":"https:\/\/www.lleal.com\/ca\/#organization","name":"Lleal S.A.U.","url":"https:\/\/www.lleal.com\/ca\/","logo":{"@type":"ImageObject","inLanguage":"ca","@id":"https:\/\/www.lleal.com\/ca\/#\/schema\/logo\/image\/","url":"https:\/\/www.lleal.com\/wp-content\/uploads\/2022\/07\/LOGO-LLEAL-BLACK-CLAIM-1.png","contentUrl":"https:\/\/www.lleal.com\/wp-content\/uploads\/2022\/07\/LOGO-LLEAL-BLACK-CLAIM-1.png","width":116,"height":70,"caption":"Lleal S.A.U."},"image":{"@id":"https:\/\/www.lleal.com\/ca\/#\/schema\/logo\/image\/"}},{"@type":"Person","@id":"https:\/\/www.lleal.com\/ca\/#\/schema\/person\/961af9dee851257c7f77d8235e0018c0","name":"Emi","image":{"@type":"ImageObject","inLanguage":"ca","@id":"https:\/\/secure.gravatar.com\/avatar\/d003a4668b5273301767e94969a212ad8dafc02f2d764a1bd5500ebcea768716?s=96&d=mm&r=g","url":"https:\/\/secure.gravatar.com\/avatar\/d003a4668b5273301767e94969a212ad8dafc02f2d764a1bd5500ebcea768716?s=96&d=mm&r=g","contentUrl":"https:\/\/secure.gravatar.com\/avatar\/d003a4668b5273301767e94969a212ad8dafc02f2d764a1bd5500ebcea768716?s=96&d=mm&r=g","caption":"Emi"}}]}},"_links":{"self":[{"href":"https:\/\/www.lleal.com\/ca\/wp-json\/wp\/v2\/posts\/29150","targetHints":{"allow":["GET"]}}],"collection":[{"href":"https:\/\/www.lleal.com\/ca\/wp-json\/wp\/v2\/posts"}],"about":[{"href":"https:\/\/www.lleal.com\/ca\/wp-json\/wp\/v2\/types\/post"}],"author":[{"embeddable":true,"href":"https:\/\/www.lleal.com\/ca\/wp-json\/wp\/v2\/users\/3"}],"replies":[{"embeddable":true,"href":"https:\/\/www.lleal.com\/ca\/wp-json\/wp\/v2\/comments?post=29150"}],"version-history":[{"count":0,"href":"https:\/\/www.lleal.com\/ca\/wp-json\/wp\/v2\/posts\/29150\/revisions"}],"wp:featuredmedia":[{"embeddable":true,"href":"https:\/\/www.lleal.com\/ca\/wp-json\/wp\/v2\/media\/29145"}],"wp:attachment":[{"href":"https:\/\/www.lleal.com\/ca\/wp-json\/wp\/v2\/media?parent=29150"}],"wp:term":[{"taxonomy":"category","embeddable":true,"href":"https:\/\/www.lleal.com\/ca\/wp-json\/wp\/v2\/categories?post=29150"},{"taxonomy":"post_tag","embeddable":true,"href":"https:\/\/www.lleal.com\/ca\/wp-json\/wp\/v2\/tags?post=29150"}],"curies":[{"name":"wp","href":"https:\/\/api.w.org\/{rel}","templated":true}]}}