{"id":24061,"date":"2021-10-04T09:38:13","date_gmt":"2021-10-04T07:38:13","guid":{"rendered":"https:\/\/www.lleal.com\/?p=24061"},"modified":"2021-10-04T09:38:13","modified_gmt":"2021-10-04T07:38:13","slug":"lleal-participa-en-el-sopar-amb-tu-21-en-benefici-de-la-fundacio-amb-tu-contra-el-cancer-de-la-dona","status":"publish","type":"post","link":"https:\/\/www.lleal.com\/ca\/lleal-participa-en-el-sopar-amb-tu-21-en-benefici-de-la-fundacio-amb-tu-contra-el-cancer-de-la-dona\/","title":{"rendered":"Lleal participa en el Sopar Amb tu 21, en benefici de la Fundaci\u00f3 Amb tu contra el c\u00e0ncer de la dona"},"content":{"rendered":"<h3>Sopar Amb tu 21 recapta 70.000 \u20ac que es destinaran a la recerca del c\u00e0ncer de mama<\/h3>\n<p style=\"text-align: justify;\"><strong>Granollers, 1 d&#8217;Octubre de 2021<\/strong>. El passat 14 de setembre es va celebrar el Sopar Amb tu 21, en l&#8217;emblem\u00e0tic restaurant Mas de Sant Lle\u00ed, un esdeveniment que se celebra anualment amb l&#8217;objectiu de recaptar fons en benefici de la recerca del c\u00e0ncer de mama i en la qual Lleal ha participat com una de les empreses col\u00b7laboradores.<\/p>\n<p style=\"text-align: justify;\">En aquesta edici\u00f3 s&#8217;ha aconseguit recaptar 70.000 \u20ac que es destinaran a un dels molts projectes de recerca contra el c\u00e0ncer de mama que aquesta fundaci\u00f3 duu a terme, liderada per un dels onc\u00f2legs m\u00e9s prestigiosos a nivell mundial, el doctor Javier Cort\u00e9s Cast\u00e1n.<\/p>\n<figure id=\"attachment_24094\" aria-describedby=\"caption-attachment-24094\" style=\"width: 225px\" class=\"wp-caption aligncenter\"><img fetchpriority=\"high\" decoding=\"async\" class=\"wp-image-24094 size-medium\" src=\"https:\/\/www.lleal.com\/wp-content\/uploads\/2021\/10\/2-225x300.jpg\" alt=\"El dr. Javier Cort\u00e9s Cast\u00e1n durante su exposici\u00f3n en la Cena Contigo 21\" width=\"225\" height=\"300\" srcset=\"https:\/\/www.lleal.com\/wp-content\/uploads\/2021\/10\/2-225x300.jpg 225w, https:\/\/www.lleal.com\/wp-content\/uploads\/2021\/10\/2-768x1024.jpg 768w, https:\/\/www.lleal.com\/wp-content\/uploads\/2021\/10\/2.jpg 900w\" sizes=\"(max-width: 225px) 100vw, 225px\" \/><figcaption id=\"caption-attachment-24094\" class=\"wp-caption-text\">El dr. Xavier Cort\u00e9s Cast\u00e1n durant la seva exposici\u00f3 al Sopar Amb tu 21<\/figcaption><\/figure>\n<p style=\"text-align: justify;\">En aquest acte van participar importants empreses del Vall\u00e8s Oriental sensibilitzades amb una malaltia que cada any afecta a milers de dones.<\/p>\n<p style=\"text-align: justify;\">Compromesos socialment, Lleal va assistir a aquest esdeveniment representada per la Sra. Rosa Maria Lleal Tost, una de les patrones de la fundaci\u00f3, la Sra. Rosa Maria Tost i la Srta. Andrea Rib\u00e9 Lleal, com a membres femenins de l&#8217;accionariat del Grup Lleal.<\/p>\n<p style=\"text-align: justify;\">Animat i col\u00b7labora: <a href=\"https:\/\/www.cenacontigo.org\/fundacion-contigo-contra-el-cancer-de-la-mujer\/\">Fundaci\u00f3n Contigo<\/a><\/p>\n<p style=\"text-align: justify;\">Amb tu, pas a pas<\/p>\n<p>&nbsp;<\/p>\n","protected":false},"excerpt":{"rendered":"<p>Sopar Amb tu 21 recapta 70.000 \u20ac que es destinaran a la recerca del c\u00e0ncer de mama Granollers, 1 d&#8217;Octubre de 2021. El passat 14 de setembre es va celebrar el Sopar Amb tu 21, en l&#8217;emblem\u00e0tic restaurant Mas de Sant Lle\u00ed, un esdeveniment que se celebra anualment amb l&#8217;objectiu de recaptar fons en benefici [&hellip;]<\/p>\n","protected":false},"author":3,"featured_media":24090,"comment_status":"open","ping_status":"open","sticky":false,"template":"","format":"standard","meta":{"_acf_changed":false,"footnotes":""},"categories":[178],"tags":[],"class_list":["post-24061","post","type-post","status-publish","format-standard","has-post-thumbnail","hentry","category-noticies"],"acf":[],"yoast_head":"<!-- This site is optimized with the Yoast SEO Premium plugin v23.8 (Yoast SEO v27.5) - https:\/\/yoast.com\/product\/yoast-seo-premium-wordpress\/ -->\n<title>Lleal participa en el Sopar Amb tu 21, en benefici de la Fundaci\u00f3 Amb tu contra el c\u00e0ncer de la dona - Lleal S.A.U.<\/title>\n<meta name=\"robots\" content=\"noindex, follow\" \/>\n<meta property=\"og:locale\" content=\"ca_ES\" \/>\n<meta property=\"og:type\" content=\"article\" \/>\n<meta property=\"og:title\" content=\"Lleal participa en el Sopar Amb tu 21, en benefici de la Fundaci\u00f3 Amb tu contra el c\u00e0ncer de la dona\" \/>\n<meta property=\"og:description\" content=\"Sopar Amb tu 21 recapta 70.000 \u20ac que es destinaran a la recerca del c\u00e0ncer de mama Granollers, 1 d&#8217;Octubre de 2021. El passat 14 de setembre es va celebrar el Sopar Amb tu 21, en l&#8217;emblem\u00e0tic restaurant Mas de Sant Lle\u00ed, un esdeveniment que se celebra anualment amb l&#8217;objectiu de recaptar fons en benefici [&hellip;]\" \/>\n<meta property=\"og:url\" content=\"https:\/\/www.lleal.com\/ca\/lleal-participa-en-el-sopar-amb-tu-21-en-benefici-de-la-fundacio-amb-tu-contra-el-cancer-de-la-dona\/\" \/>\n<meta property=\"og:site_name\" content=\"Lleal S.A.U.\" \/>\n<meta property=\"article:published_time\" content=\"2021-10-04T07:38:13+00:00\" \/>\n<meta property=\"og:image\" content=\"https:\/\/www.lleal.com\/wp-content\/uploads\/2021\/10\/Cena-contigo21-1.jpg\" \/>\n\t<meta property=\"og:image:width\" content=\"1200\" \/>\n\t<meta property=\"og:image:height\" content=\"627\" \/>\n\t<meta property=\"og:image:type\" content=\"image\/jpeg\" \/>\n<meta name=\"author\" content=\"Emi\" \/>\n<meta name=\"twitter:card\" content=\"summary_large_image\" \/>\n<meta name=\"twitter:label1\" content=\"Escrit per\" \/>\n\t<meta name=\"twitter:data1\" content=\"Emi\" \/>\n\t<meta name=\"twitter:label2\" content=\"Temps estimat de lectura\" \/>\n\t<meta name=\"twitter:data2\" content=\"1 minut\" \/>\n<!-- \/ Yoast SEO Premium plugin. -->","yoast_head_json":{"title":"Lleal participa en el Sopar Amb tu 21, en benefici de la Fundaci\u00f3 Amb tu contra el c\u00e0ncer de la dona - Lleal S.A.U.","robots":{"index":"noindex","follow":"follow"},"og_locale":"ca_ES","og_type":"article","og_title":"Lleal participa en el Sopar Amb tu 21, en benefici de la Fundaci\u00f3 Amb tu contra el c\u00e0ncer de la dona","og_description":"Sopar Amb tu 21 recapta 70.000 \u20ac que es destinaran a la recerca del c\u00e0ncer de mama Granollers, 1 d&#8217;Octubre de 2021. El passat 14 de setembre es va celebrar el Sopar Amb tu 21, en l&#8217;emblem\u00e0tic restaurant Mas de Sant Lle\u00ed, un esdeveniment que se celebra anualment amb l&#8217;objectiu de recaptar fons en benefici [&hellip;]","og_url":"https:\/\/www.lleal.com\/ca\/lleal-participa-en-el-sopar-amb-tu-21-en-benefici-de-la-fundacio-amb-tu-contra-el-cancer-de-la-dona\/","og_site_name":"Lleal S.A.U.","article_published_time":"2021-10-04T07:38:13+00:00","og_image":[{"width":1200,"height":627,"url":"https:\/\/www.lleal.com\/wp-content\/uploads\/2021\/10\/Cena-contigo21-1.jpg","type":"image\/jpeg"}],"author":"Emi","twitter_card":"summary_large_image","twitter_misc":{"Escrit per":"Emi","Temps estimat de lectura":"1 minut"},"schema":{"@context":"https:\/\/schema.org","@graph":[{"@type":"Article","@id":"https:\/\/www.lleal.com\/ca\/lleal-participa-en-el-sopar-amb-tu-21-en-benefici-de-la-fundacio-amb-tu-contra-el-cancer-de-la-dona\/#article","isPartOf":{"@id":"https:\/\/www.lleal.com\/ca\/lleal-participa-en-el-sopar-amb-tu-21-en-benefici-de-la-fundacio-amb-tu-contra-el-cancer-de-la-dona\/"},"author":{"name":"Emi","@id":"https:\/\/www.lleal.com\/ca\/#\/schema\/person\/961af9dee851257c7f77d8235e0018c0"},"headline":"Lleal participa en el Sopar Amb tu 21, en benefici de la Fundaci\u00f3 Amb tu contra el c\u00e0ncer de la dona","datePublished":"2021-10-04T07:38:13+00:00","mainEntityOfPage":{"@id":"https:\/\/www.lleal.com\/ca\/lleal-participa-en-el-sopar-amb-tu-21-en-benefici-de-la-fundacio-amb-tu-contra-el-cancer-de-la-dona\/"},"wordCount":246,"commentCount":0,"publisher":{"@id":"https:\/\/www.lleal.com\/ca\/#organization"},"image":{"@id":"https:\/\/www.lleal.com\/ca\/lleal-participa-en-el-sopar-amb-tu-21-en-benefici-de-la-fundacio-amb-tu-contra-el-cancer-de-la-dona\/#primaryimage"},"thumbnailUrl":"https:\/\/www.lleal.com\/wp-content\/uploads\/2021\/10\/Cena-contigo21-1.jpg","articleSection":["Noticies"],"inLanguage":"ca"},{"@type":"WebPage","@id":"https:\/\/www.lleal.com\/ca\/lleal-participa-en-el-sopar-amb-tu-21-en-benefici-de-la-fundacio-amb-tu-contra-el-cancer-de-la-dona\/","url":"https:\/\/www.lleal.com\/ca\/lleal-participa-en-el-sopar-amb-tu-21-en-benefici-de-la-fundacio-amb-tu-contra-el-cancer-de-la-dona\/","name":"Lleal participa en el Sopar Amb tu 21, en benefici de la Fundaci\u00f3 Amb tu contra el c\u00e0ncer de la dona - Lleal S.A.U.","isPartOf":{"@id":"https:\/\/www.lleal.com\/ca\/#website"},"primaryImageOfPage":{"@id":"https:\/\/www.lleal.com\/ca\/lleal-participa-en-el-sopar-amb-tu-21-en-benefici-de-la-fundacio-amb-tu-contra-el-cancer-de-la-dona\/#primaryimage"},"image":{"@id":"https:\/\/www.lleal.com\/ca\/lleal-participa-en-el-sopar-amb-tu-21-en-benefici-de-la-fundacio-amb-tu-contra-el-cancer-de-la-dona\/#primaryimage"},"thumbnailUrl":"https:\/\/www.lleal.com\/wp-content\/uploads\/2021\/10\/Cena-contigo21-1.jpg","datePublished":"2021-10-04T07:38:13+00:00","breadcrumb":{"@id":"https:\/\/www.lleal.com\/ca\/lleal-participa-en-el-sopar-amb-tu-21-en-benefici-de-la-fundacio-amb-tu-contra-el-cancer-de-la-dona\/#breadcrumb"},"inLanguage":"ca","potentialAction":[{"@type":"ReadAction","target":["https:\/\/www.lleal.com\/ca\/lleal-participa-en-el-sopar-amb-tu-21-en-benefici-de-la-fundacio-amb-tu-contra-el-cancer-de-la-dona\/"]}]},{"@type":"ImageObject","inLanguage":"ca","@id":"https:\/\/www.lleal.com\/ca\/lleal-participa-en-el-sopar-amb-tu-21-en-benefici-de-la-fundacio-amb-tu-contra-el-cancer-de-la-dona\/#primaryimage","url":"https:\/\/www.lleal.com\/wp-content\/uploads\/2021\/10\/Cena-contigo21-1.jpg","contentUrl":"https:\/\/www.lleal.com\/wp-content\/uploads\/2021\/10\/Cena-contigo21-1.jpg","width":1200,"height":627,"caption":"La Sra. Rosa Maria Lleal Tost, la Sra. Rosa Maria Tost y la Srta. Andrea Rib\u00e9 Lleal junto al dr."},{"@type":"BreadcrumbList","@id":"https:\/\/www.lleal.com\/ca\/lleal-participa-en-el-sopar-amb-tu-21-en-benefici-de-la-fundacio-amb-tu-contra-el-cancer-de-la-dona\/#breadcrumb","itemListElement":[{"@type":"ListItem","position":1,"name":"Portada","item":"https:\/\/www.lleal.com\/ca\/"},{"@type":"ListItem","position":2,"name":"Lleal participa en el Sopar Amb tu 21, en benefici de la Fundaci\u00f3 Amb tu contra el c\u00e0ncer de la dona"}]},{"@type":"WebSite","@id":"https:\/\/www.lleal.com\/ca\/#website","url":"https:\/\/www.lleal.com\/ca\/","name":"Lleal S.A.U.","description":"Experiencia e innovaci\u00f3n al servicio de la industria de proceso","publisher":{"@id":"https:\/\/www.lleal.com\/ca\/#organization"},"potentialAction":[{"@type":"SearchAction","target":{"@type":"EntryPoint","urlTemplate":"https:\/\/www.lleal.com\/ca\/?s={search_term_string}"},"query-input":{"@type":"PropertyValueSpecification","valueRequired":true,"valueName":"search_term_string"}}],"inLanguage":"ca"},{"@type":"Organization","@id":"https:\/\/www.lleal.com\/ca\/#organization","name":"Lleal S.A.U.","url":"https:\/\/www.lleal.com\/ca\/","logo":{"@type":"ImageObject","inLanguage":"ca","@id":"https:\/\/www.lleal.com\/ca\/#\/schema\/logo\/image\/","url":"https:\/\/www.lleal.com\/wp-content\/uploads\/2022\/07\/LOGO-LLEAL-BLACK-CLAIM-1.png","contentUrl":"https:\/\/www.lleal.com\/wp-content\/uploads\/2022\/07\/LOGO-LLEAL-BLACK-CLAIM-1.png","width":116,"height":70,"caption":"Lleal S.A.U."},"image":{"@id":"https:\/\/www.lleal.com\/ca\/#\/schema\/logo\/image\/"}},{"@type":"Person","@id":"https:\/\/www.lleal.com\/ca\/#\/schema\/person\/961af9dee851257c7f77d8235e0018c0","name":"Emi","image":{"@type":"ImageObject","inLanguage":"ca","@id":"https:\/\/secure.gravatar.com\/avatar\/d003a4668b5273301767e94969a212ad8dafc02f2d764a1bd5500ebcea768716?s=96&d=mm&r=g","url":"https:\/\/secure.gravatar.com\/avatar\/d003a4668b5273301767e94969a212ad8dafc02f2d764a1bd5500ebcea768716?s=96&d=mm&r=g","contentUrl":"https:\/\/secure.gravatar.com\/avatar\/d003a4668b5273301767e94969a212ad8dafc02f2d764a1bd5500ebcea768716?s=96&d=mm&r=g","caption":"Emi"}}]}},"_links":{"self":[{"href":"https:\/\/www.lleal.com\/ca\/wp-json\/wp\/v2\/posts\/24061","targetHints":{"allow":["GET"]}}],"collection":[{"href":"https:\/\/www.lleal.com\/ca\/wp-json\/wp\/v2\/posts"}],"about":[{"href":"https:\/\/www.lleal.com\/ca\/wp-json\/wp\/v2\/types\/post"}],"author":[{"embeddable":true,"href":"https:\/\/www.lleal.com\/ca\/wp-json\/wp\/v2\/users\/3"}],"replies":[{"embeddable":true,"href":"https:\/\/www.lleal.com\/ca\/wp-json\/wp\/v2\/comments?post=24061"}],"version-history":[{"count":0,"href":"https:\/\/www.lleal.com\/ca\/wp-json\/wp\/v2\/posts\/24061\/revisions"}],"wp:featuredmedia":[{"embeddable":true,"href":"https:\/\/www.lleal.com\/ca\/wp-json\/wp\/v2\/media\/24090"}],"wp:attachment":[{"href":"https:\/\/www.lleal.com\/ca\/wp-json\/wp\/v2\/media?parent=24061"}],"wp:term":[{"taxonomy":"category","embeddable":true,"href":"https:\/\/www.lleal.com\/ca\/wp-json\/wp\/v2\/categories?post=24061"},{"taxonomy":"post_tag","embeddable":true,"href":"https:\/\/www.lleal.com\/ca\/wp-json\/wp\/v2\/tags?post=24061"}],"curies":[{"name":"wp","href":"https:\/\/api.w.org\/{rel}","templated":true}]}}